{"id":26122,"date":"2019-11-24T19:59:51","date_gmt":"2019-11-24T18:59:51","guid":{"rendered":"http:\/\/piekarska.com.pl\/?p=26122"},"modified":"2019-11-24T20:08:35","modified_gmt":"2019-11-24T19:08:35","slug":"trzydziesci-lat-i-wiecej-stowarzyszenia-pisarzy-polskich","status":"publish","type":"post","link":"http:\/\/piekarska.com.pl\/?p=26122","title":{"rendered":"Trzydzie\u015bci lat (i wi\u0119cej) Stowarzyszenia Pisarzy Polskich"},"content":{"rendered":"\n<div class=\"wp-block-image\"><figure class=\"alignleft size-large is-resized\"><img loading=\"lazy\" decoding=\"async\" src=\"http:\/\/piekarska.com.pl\/wp-content\/uploads\/2019\/11\/okladka-spp-722x1024.png\" alt=\"\" class=\"wp-image-26123\" width=\"216\" height=\"306\" srcset=\"http:\/\/piekarska.com.pl\/wp-content\/uploads\/2019\/11\/okladka-spp-722x1024.png 722w, http:\/\/piekarska.com.pl\/wp-content\/uploads\/2019\/11\/okladka-spp-212x300.png 212w, http:\/\/piekarska.com.pl\/wp-content\/uploads\/2019\/11\/okladka-spp-768x1089.png 768w, http:\/\/piekarska.com.pl\/wp-content\/uploads\/2019\/11\/okladka-spp.png 1010w\" sizes=\"auto, (max-width: 216px) 100vw, 216px\" \/><\/figure><\/div>\n\n\n\n<p>W\u0142a\u015bnie ukaza\u0142a si\u0119 specjalna publikacja z okazji 30-lecia Stowarzyszenia Pisarzy Polskich, kt\u00f3rego cz\u0142onkiem jestem od 2005 roku. Od 2011 zasiadam w Zarz\u0105dzie Oddzia\u0142u Warszawskiego. Od 2014 roku jestem prezesk\u0105 Oddzia\u0142u, wybran\u0105 w 2017 na kolejna kadencj\u0119 do roku 2020. <\/p>\n\n\n\n<p>Redakcja: Bogdan Baran, Anna Nasi\u0142owska<br \/>Wydawca: Stowarzyszenie Pisarzy Polskich<br \/>ISBN: 978-83-938439-5-4 <br \/>Liczba stron: 248, zdj\u0119cia barwne<br \/>Wymiary: 145 x 205 mm<\/p>\n\n\n\n<p>Ksi\u0105\u017cka jest jubileuszowym wydaniem z okazji 30-lecia powo\u0142ania do \u017cycia Stowarzyszenia Pisarzy Polskich, kontynuacji rozwi\u0105zanego w 1983 roku przez w\u0142adze PRL Zwi\u0105zku Literat\u00f3w Polskich. Stanowi z jednej strony informator o bie\u017c\u0105cej pracy SPP, a z drugiej gromadzi wspomnienia i refleksje cz\u0142onk\u00f3w, kt\u00f3rzy byli \u015bwiadkami wydarze\u0144 ostatnich trzydziestu lat, a tak\u017ce lat osiemdziesi\u0105tych XX wieku, gdy kszta\u0142towa\u0142a si\u0119 koncepcja nadania formalnego kszta\u0142tu dzia\u0142alno\u015bci \u015brodowiska literackiego. <\/p>\n\n\n\n<figure class=\"wp-block-image\"><img loading=\"lazy\" decoding=\"async\" width=\"1024\" height=\"768\" src=\"http:\/\/piekarska.com.pl\/wp-content\/uploads\/2019\/11\/IMG_1002-1024x768.jpg\" alt=\"\" class=\"wp-image-26125\" srcset=\"http:\/\/piekarska.com.pl\/wp-content\/uploads\/2019\/11\/IMG_1002-1024x768.jpg 1024w, http:\/\/piekarska.com.pl\/wp-content\/uploads\/2019\/11\/IMG_1002-300x225.jpg 300w, http:\/\/piekarska.com.pl\/wp-content\/uploads\/2019\/11\/IMG_1002-768x576.jpg 768w, http:\/\/piekarska.com.pl\/wp-content\/uploads\/2019\/11\/IMG_1002-1536x1152.jpg 1536w, http:\/\/piekarska.com.pl\/wp-content\/uploads\/2019\/11\/IMG_1002-2048x1536.jpg 2048w\" sizes=\"auto, (max-width: 1024px) 100vw, 1024px\" \/><\/figure>\n\n\n\n<figure class=\"wp-block-image\"><img loading=\"lazy\" decoding=\"async\" width=\"1024\" height=\"768\" src=\"http:\/\/piekarska.com.pl\/wp-content\/uploads\/2019\/11\/IMG_9366-2-1024x768.jpg\" alt=\"\" class=\"wp-image-26126\" srcset=\"http:\/\/piekarska.com.pl\/wp-content\/uploads\/2019\/11\/IMG_9366-2-1024x768.jpg 1024w, http:\/\/piekarska.com.pl\/wp-content\/uploads\/2019\/11\/IMG_9366-2-300x225.jpg 300w, http:\/\/piekarska.com.pl\/wp-content\/uploads\/2019\/11\/IMG_9366-2-768x576.jpg 768w, http:\/\/piekarska.com.pl\/wp-content\/uploads\/2019\/11\/IMG_9366-2-1536x1152.jpg 1536w, http:\/\/piekarska.com.pl\/wp-content\/uploads\/2019\/11\/IMG_9366-2-2048x1536.jpg 2048w\" sizes=\"auto, (max-width: 1024px) 100vw, 1024px\" \/><\/figure>\n\n\n\n<figure class=\"wp-block-image\"><img loading=\"lazy\" decoding=\"async\" width=\"1024\" height=\"768\" src=\"http:\/\/piekarska.com.pl\/wp-content\/uploads\/2019\/11\/IMG_0070-1024x768.jpg\" alt=\"\" class=\"wp-image-26127\" srcset=\"http:\/\/piekarska.com.pl\/wp-content\/uploads\/2019\/11\/IMG_0070-1024x768.jpg 1024w, http:\/\/piekarska.com.pl\/wp-content\/uploads\/2019\/11\/IMG_0070-300x225.jpg 300w, http:\/\/piekarska.com.pl\/wp-content\/uploads\/2019\/11\/IMG_0070-768x576.jpg 768w, http:\/\/piekarska.com.pl\/wp-content\/uploads\/2019\/11\/IMG_0070-1536x1152.jpg 1536w, http:\/\/piekarska.com.pl\/wp-content\/uploads\/2019\/11\/IMG_0070-2048x1536.jpg 2048w\" sizes=\"auto, (max-width: 1024px) 100vw, 1024px\" \/><\/figure>\n\n\n\n<figure class=\"wp-block-image\"><img loading=\"lazy\" decoding=\"async\" width=\"1024\" height=\"768\" src=\"http:\/\/piekarska.com.pl\/wp-content\/uploads\/2019\/11\/IMG_9466-1024x768.jpg\" alt=\"\" class=\"wp-image-26129\" srcset=\"http:\/\/piekarska.com.pl\/wp-content\/uploads\/2019\/11\/IMG_9466-1024x768.jpg 1024w, http:\/\/piekarska.com.pl\/wp-content\/uploads\/2019\/11\/IMG_9466-300x225.jpg 300w, http:\/\/piekarska.com.pl\/wp-content\/uploads\/2019\/11\/IMG_9466-768x576.jpg 768w, http:\/\/piekarska.com.pl\/wp-content\/uploads\/2019\/11\/IMG_9466-1536x1152.jpg 1536w, http:\/\/piekarska.com.pl\/wp-content\/uploads\/2019\/11\/IMG_9466-2048x1536.jpg 2048w\" sizes=\"auto, (max-width: 1024px) 100vw, 1024px\" \/><\/figure>\n\n\n\n<p>Spis tre\u015bci:<\/p>\n\n\n\n<p>List Prezes Anny Nasi\u0142owskiej z okazji trzydziestolecia Stowarzyszenia Pisarzy Polskich 7<br \/>Stowarzyszenie Pisarzy Polskich \u2013 kr\u00f3tki opis 11<br \/>Z naszej historii 23<br \/>Piotr Matywiecki My\u015bli o Stowarzyszeniu Pisarzy Polskich \u2013 w trzydziest\u0105 rocznic\u0119 jego powstania 25<br \/>Piotr Wojciechowski O naszym Stowarzyszeniu 33<br \/>Sergiusz Sterna-Wachowiak Okiem Aborygena, czyli \u201etego, kto by\u0142 tu od pocz\u0105tku\u201d 39<br \/>Anna Nasi\u0142owska Lata osiemdziesi\u0105te \u2013 Sekcja Krytyki Literackiej TLAM 85<br \/>Jan Str\u0119kowski KAFEL, czyli pisarze w Solidarno\u015bci 91<br \/>\u017baneta Nalewajk Tw\u00f3rczy wielog\u0142os. Jubileusze literackie Stowarzyszenia Pisarzy Polskich 95<br \/>Jacek Moskwa Kontakty Stowarzyszenia Pisarzy Polskich ze Stowarzyszeniem Pisarzy Hebrajskich w Izraelu 101<br \/>Informacje o oddzia\u0142ach SPP i ich dzia\u0142alno\u015bci 111<br \/>Stowarzyszenie Pisarzy Polskich Oddzia\u0142 w Warszawie 113<br \/>Ma\u0142gorzata Karolina Piekarska \u201ePodgl\u0105d\u201d, czyli pisarz przy pracy\u2026 123<br \/>Piotr M\u00fcldner-Nieckowski Warszawska Szko\u0142a Pisania Stowarzyszenia Pisarzy Polskich Oddzia\u0142 w Warszawie. Stajnia Literacka 127<br \/>Stowarzyszenie Pisarzy Polskich Oddzia\u0142 w Krakowie 137<br \/>Stowarzyszenie Pisarzy Polskich Oddzia\u0142 we Wroc\u0142awiu 151<br \/>Stowarzyszenie Pisarzy Polskich Oddzia\u0142 w \u0141odzi 159<br \/>Stowarzyszenie Pisarzy Polskich Oddzia\u0142 w Gda\u0144sku 173<br \/>Stowarzyszenie Pisarzy Polskich Oddzia\u0142 Wielkopolski w Poznaniu 187<br \/>Fundacja Otwartych na Tw\u00f3rczo\u015b\u0107 (FONT) 203<br \/>Stowarzyszenie Pisarzy Polskich Oddzia\u0142 \u015al\u0105ski w Katowicach 209<br \/>Stowarzyszenie Pisarzy Polskich Oddzia\u0142 w Bydgoszczy 217<br \/>Stowarzyszenie Pisarzy Polskich Oddzia\u0142 w Lublinie 229<br \/>Stowarzyszenie Pisarzy Polskich Oddzia\u0142 w Olsztynie 239<\/p>\n\n\n\n<p>PDF z publikacj\u0105 mo\u017cna pobra\u0107 ze strony <a href=\"http:\/\/podglad.com.pl\/?page_id=1077\" target=\"_blank\" rel=\"noreferrer noopener\" aria-label=\"Kwartalnika Literackiego &quot;Podgl\u0105d&quot; (otwiera si\u0119 na nowej zak\u0142adce)\">Kwartalnika Literackiego &#8222;Podgl\u0105d&#8221;<\/a>. <\/p>\n","protected":false},"excerpt":{"rendered":"<p>W\u0142a\u015bnie ukaza\u0142a si\u0119 specjalna publikacja z okazji 30-lecia Stowarzyszenia Pisarzy Polskich, kt\u00f3rego cz\u0142onkiem jestem od 2005 roku. Od 2011 zasiadam w Zarz\u0105dzie Oddzia\u0142u Warszawskiego. Od 2014 roku jestem prezesk\u0105 Oddzia\u0142u, wybran\u0105 w 2017 na kolejna kadencj\u0119 do roku 2020. Redakcja: &hellip; <a href=\"http:\/\/piekarska.com.pl\/?p=26122\">Continue reading <span class=\"meta-nav\">&rarr;<\/span><\/a><\/p>\n","protected":false},"author":1,"featured_media":26123,"comment_status":"closed","ping_status":"open","sticky":false,"template":"","format":"standard","meta":{"_acf_changed":false,"footnotes":""},"categories":[188],"tags":[165,968,577,344,969,141,242,459,168,967,970],"class_list":["post-26122","post","type-post","status-publish","format-standard","has-post-thumbnail","hentry","category-ksiazka","tag-anna-nasilowska","tag-bogdan-baran","tag-jacek-moskwa","tag-jan-strekowski","tag-piotr-matywiecki","tag-piotr-muldner-nieckowski","tag-piotr-wojciechowski","tag-sergiusz-sterna-wachowiak","tag-stowarzyszenie-pisarzy-polskich","tag-trzydziesci-lat-i-wiecej-stowarzyszenia-pisarzy-polskich","tag-zaneta-nalewajk-turecka"],"acf":[],"_links":{"self":[{"href":"http:\/\/piekarska.com.pl\/index.php?rest_route=\/wp\/v2\/posts\/26122","targetHints":{"allow":["GET"]}}],"collection":[{"href":"http:\/\/piekarska.com.pl\/index.php?rest_route=\/wp\/v2\/posts"}],"about":[{"href":"http:\/\/piekarska.com.pl\/index.php?rest_route=\/wp\/v2\/types\/post"}],"author":[{"embeddable":true,"href":"http:\/\/piekarska.com.pl\/index.php?rest_route=\/wp\/v2\/users\/1"}],"replies":[{"embeddable":true,"href":"http:\/\/piekarska.com.pl\/index.php?rest_route=%2Fwp%2Fv2%2Fcomments&post=26122"}],"version-history":[{"count":4,"href":"http:\/\/piekarska.com.pl\/index.php?rest_route=\/wp\/v2\/posts\/26122\/revisions"}],"predecessor-version":[{"id":26132,"href":"http:\/\/piekarska.com.pl\/index.php?rest_route=\/wp\/v2\/posts\/26122\/revisions\/26132"}],"wp:featuredmedia":[{"embeddable":true,"href":"http:\/\/piekarska.com.pl\/index.php?rest_route=\/wp\/v2\/media\/26123"}],"wp:attachment":[{"href":"http:\/\/piekarska.com.pl\/index.php?rest_route=%2Fwp%2Fv2%2Fmedia&parent=26122"}],"wp:term":[{"taxonomy":"category","embeddable":true,"href":"http:\/\/piekarska.com.pl\/index.php?rest_route=%2Fwp%2Fv2%2Fcategories&post=26122"},{"taxonomy":"post_tag","embeddable":true,"href":"http:\/\/piekarska.com.pl\/index.php?rest_route=%2Fwp%2Fv2%2Ftags&post=26122"}],"curies":[{"name":"wp","href":"https:\/\/api.w.org\/{rel}","templated":true}]}}