{"id":5261,"date":"2016-03-20T15:09:53","date_gmt":"2016-03-20T15:09:53","guid":{"rendered":"http:\/\/piekarska.com.pl\/?p=5261"},"modified":"2016-03-20T15:21:05","modified_gmt":"2016-03-20T15:21:05","slug":"a-jutro-w-piwnicy-kurylewiczow","status":"publish","type":"post","link":"http:\/\/piekarska.com.pl\/?p=5261","title":{"rendered":"A jutro w Piwnicy Kurylewicz\u00f3w&#8230;"},"content":{"rendered":"<p><img loading=\"lazy\" decoding=\"async\" class=\"alignleft wp-image-5262 size-medium\" src=\"http:\/\/piekarska.com.pl\/wp-content\/uploads\/2016\/03\/2016III21-213x300.jpeg\" alt=\"2016III21\" width=\"213\" height=\"300\" srcset=\"http:\/\/piekarska.com.pl\/wp-content\/uploads\/2016\/03\/2016III21-213x300.jpeg 213w, http:\/\/piekarska.com.pl\/wp-content\/uploads\/2016\/03\/2016III21.jpeg 455w\" sizes=\"auto, (max-width: 213px) 100vw, 213px\" \/>21 marca obchodzony jest \u015awiatowy Dzie\u0144 Poezji. Data \u015bwi\u0119ta zosta\u0142a ustanowiona przez UNESCO jesieni\u0105 1999 roku. G\u0142\u00f3wne uroczysto\u015bci tego \u015bwi\u0119ta odbywaj\u0105 si\u0119 w Pary\u017cu. Celem tego dnia jest promocja czytania, pisania, publikowania i nauczania poezji na ca\u0142ym \u015bwiecie. UNESCO zadeklarowa\u0142o, \u017ce ten dzie\u0144 ma &#8222;da\u0107 nowy impuls, aby doceni\u0107 poezj\u0119 oraz poprze\u0107 krajowe, regionalne i mi\u0119dzynarodowe ruchy poetyckie&#8221;.<\/p>\n<p>Tegoroczny mi\u0119dzynarodowy dzie\u0144 poezji b\u0119d\u0119 \u015bwi\u0119towa\u0107 w Piwnicy Artystycznej Kurylewicz\u00f3w. Zapraszam!<\/p>\n<p><strong>Wykonawcy:<\/strong><br \/>\nGabriela Kurylewicz wiersze, fortepian<br \/>\nPiotr Latoszy\u0144ski fortepian<br \/>\nEwa Skardowska fortepian<br \/>\nKatarzyna B\u0105kowska skrzypce<br \/>\nPawe\u0142 Pa\u0144ta kontrabas<br \/>\nStanis\u0142aw Pa\u0144ta fortepian<br \/>\nAnna Nasi\u0142owska wiersze<br \/>\nMa\u0142gorzata Karolina Piekarska wiersze<br \/>\nAgnieszka Syska wiersze<br \/>\nStanis\u0142aw Gromadzki proza<br \/>\nWanda Warska \u015bpiewowie\u015b\u0107<\/p>\n<p><strong>Program:<\/strong><br \/>\nA. Kurylewicz, Modlitwa, Walc minimalny, Sekwencje nad Niemnem, Polskie drogi \u2013 romanza na fortepian solo,<br \/>\nJ.S. Bach, Preludium i Fuga B-Dur &#8211; Prezent urodzinowy,<br \/>\nA. Kurylewicz, Duetto lirico,<br \/>\nG. Kurylewicz &#8211; wiersze,<br \/>\nF. Chopin, Scherzo E-Dur op. 54,<br \/>\nW.A. Mozart, Sonata C-Dur KV 545,<br \/>\nA. Nasi\u0142owska, M.K. Piekarska, A. Syska \u2013 wiersze,<br \/>\nS. Gromadzki, aforyzmy,<br \/>\nA. Kurylewicz, 3 Pie\u015bni na fortepian i kontrabas<\/p>\n<p>MI\u0118DZYNARODOWY DZIE\u0143 POEZJI<\/p>\n<p>bilety\/<wbr><\/wbr>cegie\u0142ki 50 z\u0142 (studenckie 30 z\u0142); rezerwacja: <a href=\"mailto:wydawnictwo@piwnica-forma.waw.pl\" target=\"_blank\">wydawnictwo@piwnica-forma.waw.pl<\/a>, tel. 607 609 742<\/p>\n<p>Wydarzenie na portalu Facebook:\u00a0<a href=\"https:\/\/www.facebook.com\/events\/1573881569606175\/\" target=\"_blank\">https:\/\/www.facebook.com\/events\/1573881569606175\/<\/a><\/p>\n","protected":false},"excerpt":{"rendered":"<p>21 marca obchodzony jest \u015awiatowy Dzie\u0144 Poezji. Data \u015bwi\u0119ta zosta\u0142a ustanowiona przez UNESCO jesieni\u0105 1999 roku. G\u0142\u00f3wne uroczysto\u015bci tego \u015bwi\u0119ta odbywaj\u0105 si\u0119 w Pary\u017cu. Celem tego dnia jest promocja czytania, pisania, publikowania i nauczania poezji na ca\u0142ym \u015bwiecie. UNESCO zadeklarowa\u0142o, &hellip; <a href=\"http:\/\/piekarska.com.pl\/?p=5261\">Continue reading <span class=\"meta-nav\">&rarr;<\/span><\/a><\/p>\n","protected":false},"author":1,"featured_media":5262,"comment_status":"closed","ping_status":"open","sticky":false,"template":"","format":"standard","meta":{"_acf_changed":false,"footnotes":""},"categories":[5],"tags":[237,165,267,276,222,268,278,271,269,266,277,272,270,273,275],"class_list":["post-5261","post","type-post","status-publish","format-standard","has-post-thumbnail","hentry","category-spotkania","tag-agnieszka-syska","tag-anna-nasilowska","tag-ewa-skardowska","tag-fortepian","tag-gabriela-kurylewicz","tag-katarzyna-bakowska","tag-kontrabas","tag-malgorzata-karolina-piekarska","tag-pawel-panta","tag-piotr-latoszynski","tag-skrzypce","tag-stanislaw-gromadzki","tag-stanislaw-panta","tag-wanda-warska","tag-wiersze"],"acf":[],"_links":{"self":[{"href":"http:\/\/piekarska.com.pl\/index.php?rest_route=\/wp\/v2\/posts\/5261","targetHints":{"allow":["GET"]}}],"collection":[{"href":"http:\/\/piekarska.com.pl\/index.php?rest_route=\/wp\/v2\/posts"}],"about":[{"href":"http:\/\/piekarska.com.pl\/index.php?rest_route=\/wp\/v2\/types\/post"}],"author":[{"embeddable":true,"href":"http:\/\/piekarska.com.pl\/index.php?rest_route=\/wp\/v2\/users\/1"}],"replies":[{"embeddable":true,"href":"http:\/\/piekarska.com.pl\/index.php?rest_route=%2Fwp%2Fv2%2Fcomments&post=5261"}],"version-history":[{"count":4,"href":"http:\/\/piekarska.com.pl\/index.php?rest_route=\/wp\/v2\/posts\/5261\/revisions"}],"predecessor-version":[{"id":5269,"href":"http:\/\/piekarska.com.pl\/index.php?rest_route=\/wp\/v2\/posts\/5261\/revisions\/5269"}],"wp:featuredmedia":[{"embeddable":true,"href":"http:\/\/piekarska.com.pl\/index.php?rest_route=\/wp\/v2\/media\/5262"}],"wp:attachment":[{"href":"http:\/\/piekarska.com.pl\/index.php?rest_route=%2Fwp%2Fv2%2Fmedia&parent=5261"}],"wp:term":[{"taxonomy":"category","embeddable":true,"href":"http:\/\/piekarska.com.pl\/index.php?rest_route=%2Fwp%2Fv2%2Fcategories&post=5261"},{"taxonomy":"post_tag","embeddable":true,"href":"http:\/\/piekarska.com.pl\/index.php?rest_route=%2Fwp%2Fv2%2Ftags&post=5261"}],"curies":[{"name":"wp","href":"https:\/\/api.w.org\/{rel}","templated":true}]}}