{"id":5575,"date":"2016-05-07T10:27:44","date_gmt":"2016-05-07T10:27:44","guid":{"rendered":"http:\/\/piekarska.com.pl\/?p=5575"},"modified":"2016-05-16T09:02:26","modified_gmt":"2016-05-16T09:02:26","slug":"warszawskie-targi-ksiazki","status":"publish","type":"post","link":"http:\/\/piekarska.com.pl\/?p=5575","title":{"rendered":"Warszawskie Targi Ksi\u0105\u017cki"},"content":{"rendered":"<p><a href=\"http:\/\/piekarska.com.pl\/wp-content\/uploads\/2015\/05\/DSC_8340.jpg\"><img loading=\"lazy\" decoding=\"async\" class=\"alignleft size-medium wp-image-4214\" src=\"http:\/\/piekarska.com.pl\/wp-content\/uploads\/2015\/05\/DSC_8340-300x201.jpg\" alt=\"DSC_8340\" width=\"300\" height=\"201\" srcset=\"http:\/\/piekarska.com.pl\/wp-content\/uploads\/2015\/05\/DSC_8340-300x201.jpg 300w, http:\/\/piekarska.com.pl\/wp-content\/uploads\/2015\/05\/DSC_8340-1024x685.jpg 1024w\" sizes=\"auto, (max-width: 300px) 100vw, 300px\" \/><\/a>W tym roku na Warszawskich targach Ksi\u0105\u017cki na Stadionie Narodowym b\u0119d\u0119 swoje ksi\u0105\u017cki podpisywa\u0107 <strong>22 maja (w niedziel\u0119) o 12:00<\/strong> na stoisku Stowarzyszenia Pisarzy Polskich &#8211; numer stoiska:\u00a0<strong>(50\/BC)<\/strong>. B\u0119d\u0119 na nim siedzie\u0107 wraz z kole\u017cank\u0105 Manul\u0105 Kalick\u0105.<\/p>\n<p>B\u0119d\u0119 wtedy podpisywa\u0142a (i b\u0119dzie mo\u017cna to u mnie kupi\u0107):<\/p>\n<ul>\n<li><a href=\"http:\/\/nk.com.pl\/klasa-pani-czajki\/2253\/ksiazka.html\" target=\"_blank\">&#8222;Klasa pani Czajki&#8221;<\/a> &#8211; wyd. Nasza Ksi\u0119garnia<\/li>\n<li><a href=\"http:\/\/www.bibliotekaakustyczna.pl\/audiobook,2,355,Klasa_Pani_Czajki\" target=\"_blank\">&#8222;Klasa pani Czajki&#8221;<\/a> (audiobook) &#8211; wyd. Biblioteka Akustyczna<\/li>\n<li><a href=\"http:\/\/nk.com.pl\/tropiciele\/2276\/ksiazka.html\" target=\"_blank\">&#8222;Tropiciele&#8221;<\/a> &#8211; wyd. Nasza Ksi\u0119garnia<\/li>\n<li><a href=\"http:\/\/www.ltw.com.pl\/presta\/glowna\/385-czucie-i-wiara-czyli-warszawskie-duchy.html\" target=\"_blank\">&#8222;Czucie i Wiara, czyli warszawskie duchy&#8221;<\/a> &#8211; wyd. LTW<\/li>\n<li><a href=\"http:\/\/rynek-ksiazki.pl\/sklep\/-kurs-dziennikarstwa-dla-samoukow_349.html\" target=\"_blank\">&#8222;Kurs dziennikarstwa dla samouk\u00f3w&#8221;<\/a> &#8211; wyd. Biblioteka Analiz<\/li>\n<\/ul>\n<p>A jak kto\u015b przyniesie z domu jakie\u015b stare wydania moich ksi\u0105\u017cek &#8211; te\u017c mu podpisz\u0119.<\/p>\n<p>Poniewa\u017c ze wzgl\u0119du na obowi\u0105zki <a href=\"http:\/\/sppwarszawa.pl\/\" target=\"_blank\">prezesowskie<\/a> b\u0119d\u0119 na targach tak\u017ce w pozosta\u0142e dni (poza czwartkiem), ale w postaci &#8222;kr\u0105\u017c\u0105cej&#8221;, wi\u0119c zawsze mo\u017cna si\u0119 ze mn\u0105 um\u00f3wi\u0107, \u017ce chce si\u0119 przyj\u015b\u0107 i pogada\u0107. E-mail i telefon w zak\u0142adce <strong><a href=\"http:\/\/piekarska.com.pl\/?page_id=41\" target=\"_blank\">kontakt<\/a><\/strong>.<\/p>\n<p>A oto szczeg\u00f3\u0142owy program stoiska.<\/p>\n<p><strong>Warszawskie Targi Ksi\u0105\u017cki 19-22 maja 2016<\/strong><br \/>\n<strong>STADION NARODOWY W WARSZAWIE<\/strong><br \/>\n<strong>STOISKO 50\/BC<\/strong><\/p>\n<div class=\"\" data-block=\"true\" data-editor=\"8ifdp\" data-offset-key=\"6094r-0-0\">\n<div class=\"_1mf _1mj\" data-offset-key=\"6094r-0-0\"><strong><span data-offset-key=\"6094r-0-0\"><span data-text=\"true\">19 maja (czwartek)<\/span><\/span><\/strong><\/div>\n<\/div>\n<div class=\"\" data-block=\"true\" data-editor=\"8ifdp\" data-offset-key=\"89j2u-0-0\">\n<div class=\"_1mf _1mj\" data-offset-key=\"89j2u-0-0\"><span data-offset-key=\"89j2u-0-0\"><span data-text=\"true\">godz. 12:00 Anna Nasi\u0142owska<\/span><\/span><\/div>\n<\/div>\n<div class=\"\" data-block=\"true\" data-editor=\"8ifdp\" data-offset-key=\"8bcsb-0-0\">\n<div class=\"_1mf _1mj\" data-offset-key=\"8bcsb-0-0\"><span data-offset-key=\"8bcsb-0-0\">\u00a0<\/span><\/div>\n<\/div>\n<div class=\"\" data-block=\"true\" data-editor=\"8ifdp\" data-offset-key=\"ba3c2-0-0\">\n<div class=\"_1mf _1mj\" data-offset-key=\"ba3c2-0-0\"><strong><span data-offset-key=\"ba3c2-0-0\"><span data-text=\"true\">20 maja (pi\u0105tek)<\/span><\/span><\/strong><\/div>\n<\/div>\n<div class=\"\" data-block=\"true\" data-editor=\"8ifdp\" data-offset-key=\"9pq6a-0-0\">\n<div class=\"_1mf _1mj\" data-offset-key=\"9pq6a-0-0\"><span data-offset-key=\"9pq6a-0-0\"><span data-text=\"true\">godz. 14:00 Jacek Durski<\/span><\/span><\/div>\n<\/div>\n<div class=\"\" data-block=\"true\" data-editor=\"8ifdp\" data-offset-key=\"1ijg7-0-0\">\n<div class=\"_1mf _1mj\" data-offset-key=\"1ijg7-0-0\"><span data-offset-key=\"1ijg7-0-0\"><span data-text=\"true\">godz. 15:00 Konrad Sutarski i Gabriela Kurylewicz<\/span><\/span><\/div>\n<\/div>\n<div class=\"\" data-block=\"true\" data-editor=\"8ifdp\" data-offset-key=\"9imo-0-0\">\n<div class=\"_1mf _1mj\" data-offset-key=\"9imo-0-0\"><strong><span data-offset-key=\"9imo-0-0\">\u00a0<\/span><\/strong><\/div>\n<\/div>\n<div class=\"\" data-block=\"true\" data-editor=\"8ifdp\" data-offset-key=\"4483t-0-0\">\n<div class=\"_1mf _1mj\" data-offset-key=\"4483t-0-0\"><strong><span data-offset-key=\"4483t-0-0\"><span data-text=\"true\">21 maja (sobota)<\/span><\/span><\/strong><\/div>\n<\/div>\n<div class=\"\" data-block=\"true\" data-editor=\"8ifdp\" data-offset-key=\"54elh-0-0\">\n<div class=\"_1mf _1mj\" data-offset-key=\"54elh-0-0\"><span data-offset-key=\"54elh-0-0\"><span data-text=\"true\">godz. 11:00 Krystyna Januszewska<\/span><\/span><\/div>\n<\/div>\n<div class=\"\" data-block=\"true\" data-editor=\"8ifdp\" data-offset-key=\"ausdq-0-0\">\n<div class=\"_1mf _1mj\" data-offset-key=\"ausdq-0-0\"><span data-offset-key=\"ausdq-0-0\"><span data-text=\"true\">godz. 12:00 Mateusz Wyrwich<\/span><\/span><\/div>\n<\/div>\n<div class=\"\" data-block=\"true\" data-editor=\"8ifdp\" data-offset-key=\"c0slh-0-0\">\n<div class=\"_1mf _1mj\" data-offset-key=\"c0slh-0-0\"><span data-offset-key=\"c0slh-0-0\"><span data-text=\"true\">godz. 13:00 Agnieszka Stabro i Zbigniew Zbikowski<\/span><\/span><\/div>\n<\/div>\n<div class=\"\" data-block=\"true\" data-editor=\"8ifdp\" data-offset-key=\"3327g-0-0\">\n<div class=\"_1mf _1mj\" data-offset-key=\"3327g-0-0\"><span data-offset-key=\"3327g-0-0\"><span data-text=\"true\">godz. 14:00 Danuta Ga\u0142ecka-Krajewska, Eda Ostrowska i Katarzyna Boru\u0144-Jagodzi\u0144ska<\/span><\/span><\/div>\n<\/div>\n<div class=\"\" data-block=\"true\" data-editor=\"8ifdp\" data-offset-key=\"ff7b2-0-0\">\n<div class=\"_1mf _1mj\" data-offset-key=\"ff7b2-0-0\"><span data-offset-key=\"ff7b2-0-0\"><span data-text=\"true\">godz. 15:00 Andrzej Tadeusz Kijowski i Ryszard S\u0142ugocki<\/span><\/span><\/div>\n<\/div>\n<div class=\"\" data-block=\"true\" data-editor=\"8ifdp\" data-offset-key=\"ahc97-0-0\">\n<div class=\"_1mf _1mj\" data-offset-key=\"ahc97-0-0\"><span data-offset-key=\"ahc97-0-0\"><span data-text=\"true\">godz. 16:00 Krzysztof Bielecki i Grzegorz Walczak<\/span><\/span><\/div>\n<\/div>\n<div class=\"\" data-block=\"true\" data-editor=\"8ifdp\" data-offset-key=\"a5j23-0-0\">\n<div class=\"_1mf _1mj\" data-offset-key=\"a5j23-0-0\"><span data-offset-key=\"a5j23-0-0\">\u00a0<\/span><\/div>\n<\/div>\n<div class=\"\" data-block=\"true\" data-editor=\"8ifdp\" data-offset-key=\"dhd6d-0-0\">\n<div class=\"_1mf _1mj\" data-offset-key=\"dhd6d-0-0\"><strong><span data-offset-key=\"dhd6d-0-0\"><span data-text=\"true\">22 maja (niedziela)<\/span><\/span><\/strong><\/div>\n<\/div>\n<div class=\"\" data-block=\"true\" data-editor=\"8ifdp\" data-offset-key=\"evi9d-0-0\">\n<div class=\"_1mf _1mj\" data-offset-key=\"evi9d-0-0\"><span data-offset-key=\"evi9d-0-0\"><span data-text=\"true\">godz. 11:00 Krzysztof Ko\u0142tun<\/span><\/span><\/div>\n<\/div>\n<div class=\"\" data-block=\"true\" data-editor=\"8ifdp\" data-offset-key=\"f1pjc-0-0\">\n<div class=\"_1mf _1mj\" data-offset-key=\"f1pjc-0-0\"><strong><span data-offset-key=\"f1pjc-0-0\"><span data-text=\"true\">godz. 12:00 Manula Kalicka i Ma\u0142gorzata Karolina Piekarska<\/span><\/span><\/strong><\/div>\n<\/div>\n<div class=\"\" data-block=\"true\" data-editor=\"8ifdp\" data-offset-key=\"fmfdb-0-0\">\n<div class=\"_1mf _1mj\" data-offset-key=\"fmfdb-0-0\"><span data-offset-key=\"fmfdb-0-0\"><span data-text=\"true\">godz. 13:00 Hanna Kowalewska<\/span><\/span><\/div>\n<\/div>\n<div class=\"\" data-block=\"true\" data-editor=\"8ifdp\" data-offset-key=\"6qdpu-0-0\">\n<div class=\"_1mf _1mj\" data-offset-key=\"6qdpu-0-0\"><span data-offset-key=\"6qdpu-0-0\"><span data-text=\"true\">godz. 14:00 Antoni Pie\u0144kowski<\/span><\/span><\/div>\n<\/div>\n","protected":false},"excerpt":{"rendered":"<p>W tym roku na Warszawskich targach Ksi\u0105\u017cki na Stadionie Narodowym b\u0119d\u0119 swoje ksi\u0105\u017cki podpisywa\u0107 22 maja (w niedziel\u0119) o 12:00 na stoisku Stowarzyszenia Pisarzy Polskich &#8211; numer stoiska:\u00a0(50\/BC). B\u0119d\u0119 na nim siedzie\u0107 wraz z kole\u017cank\u0105 Manul\u0105 Kalick\u0105. B\u0119d\u0119 wtedy podpisywa\u0142a &hellip; <a href=\"http:\/\/piekarska.com.pl\/?p=5575\">Continue reading <span class=\"meta-nav\">&rarr;<\/span><\/a><\/p>\n","protected":false},"author":1,"featured_media":4219,"comment_status":"closed","ping_status":"open","sticky":false,"template":"","format":"standard","meta":{"_acf_changed":false,"footnotes":""},"categories":[5],"tags":[236,220,165,351,332,358,222,348,352,355,211,247,357,354,356,353,359,360,168,96,243],"class_list":["post-5575","post","type-post","status-publish","format-standard","has-post-thumbnail","hentry","category-spotkania","tag-agnieszka-stabro","tag-andrzej-tadeusz-kijowski","tag-anna-nasilowska","tag-antoni-pienkowski","tag-danuta-galecka-krajewska","tag-eda-ostrowska","tag-gabriela-kurylewicz","tag-grzegorz-walczak","tag-hanna-kowalewska","tag-jacek-durski","tag-katarzyna-borun-jagodzinska","tag-konrad-sutarski","tag-krystyna-januszewska","tag-krzysztof-bielecki","tag-krzysztof-koltun","tag-manula-kalicka","tag-mateusz-wyrwich","tag-ryszard-slugocki","tag-stowarzyszenie-pisarzy-polskich","tag-warszawskie-targi-ksiazki","tag-zbigniew-zbikowski"],"acf":[],"_links":{"self":[{"href":"http:\/\/piekarska.com.pl\/index.php?rest_route=\/wp\/v2\/posts\/5575","targetHints":{"allow":["GET"]}}],"collection":[{"href":"http:\/\/piekarska.com.pl\/index.php?rest_route=\/wp\/v2\/posts"}],"about":[{"href":"http:\/\/piekarska.com.pl\/index.php?rest_route=\/wp\/v2\/types\/post"}],"author":[{"embeddable":true,"href":"http:\/\/piekarska.com.pl\/index.php?rest_route=\/wp\/v2\/users\/1"}],"replies":[{"embeddable":true,"href":"http:\/\/piekarska.com.pl\/index.php?rest_route=%2Fwp%2Fv2%2Fcomments&post=5575"}],"version-history":[{"count":9,"href":"http:\/\/piekarska.com.pl\/index.php?rest_route=\/wp\/v2\/posts\/5575\/revisions"}],"predecessor-version":[{"id":5613,"href":"http:\/\/piekarska.com.pl\/index.php?rest_route=\/wp\/v2\/posts\/5575\/revisions\/5613"}],"wp:featuredmedia":[{"embeddable":true,"href":"http:\/\/piekarska.com.pl\/index.php?rest_route=\/wp\/v2\/media\/4219"}],"wp:attachment":[{"href":"http:\/\/piekarska.com.pl\/index.php?rest_route=%2Fwp%2Fv2%2Fmedia&parent=5575"}],"wp:term":[{"taxonomy":"category","embeddable":true,"href":"http:\/\/piekarska.com.pl\/index.php?rest_route=%2Fwp%2Fv2%2Fcategories&post=5575"},{"taxonomy":"post_tag","embeddable":true,"href":"http:\/\/piekarska.com.pl\/index.php?rest_route=%2Fwp%2Fv2%2Ftags&post=5575"}],"curies":[{"name":"wp","href":"https:\/\/api.w.org\/{rel}","templated":true}]}}