{"id":6382,"date":"2017-01-03T11:56:23","date_gmt":"2017-01-03T10:56:23","guid":{"rendered":"http:\/\/piekarska.com.pl\/?p=6382"},"modified":"2017-07-02T11:50:12","modified_gmt":"2017-07-02T09:50:12","slug":"jako-gosc-w-halo-polonia","status":"publish","type":"post","link":"http:\/\/piekarska.com.pl\/?p=6382","title":{"rendered":"Jako go\u015b\u0107 w &#8222;Halo Polonia!&#8217;"},"content":{"rendered":"<p>Wczoraj wieczorem by\u0142am go\u015bciem programu &#8222;Halo Polonia!&#8221;, na antenie kt\u00f3rego opowiada\u0142am o dzieciach Zamojszczyzny i napisanej do sp\u00f3\u0142ki z moim Ojcem Maciejem Piekarskim ksi\u0105\u017cce &#8222;Syn dw\u00f3ch matek&#8221;. Ca\u0142y odcinek programu mo\u017cna obejrze\u0107 klikaj\u0105c w poni\u017csz\u0105 fotografi\u0119.<\/p>\n<p><a href=\"http:\/\/halopolonia.tvp.pl\/28230356\/02012017-2225\"><img loading=\"lazy\" decoding=\"async\" class=\"wp-image-6383 size-medium aligncenter\" src=\"http:\/\/piekarska.com.pl\/wp-content\/uploads\/2017\/01\/halopolnia-300x173.jpg\" width=\"300\" height=\"173\" srcset=\"http:\/\/piekarska.com.pl\/wp-content\/uploads\/2017\/01\/halopolnia-300x173.jpg 300w, http:\/\/piekarska.com.pl\/wp-content\/uploads\/2017\/01\/halopolnia-768x442.jpg 768w, http:\/\/piekarska.com.pl\/wp-content\/uploads\/2017\/01\/halopolnia-1024x589.jpg 1024w\" sizes=\"auto, (max-width: 300px) 100vw, 300px\" \/><\/a><\/p>\n","protected":false},"excerpt":{"rendered":"<p>Wczoraj wieczorem by\u0142am go\u015bciem programu &#8222;Halo Polonia!&#8221;, na antenie kt\u00f3rego opowiada\u0142am o dzieciach Zamojszczyzny i napisanej do sp\u00f3\u0142ki z moim Ojcem Maciejem Piekarskim ksi\u0105\u017cce &#8222;Syn dw\u00f3ch matek&#8221;. Ca\u0142y odcinek programu mo\u017cna obejrze\u0107 klikaj\u0105c w poni\u017csz\u0105 fotografi\u0119.<\/p>\n","protected":false},"author":1,"featured_media":6383,"comment_status":"closed","ping_status":"open","sticky":false,"template":"","format":"standard","meta":{"_acf_changed":false,"footnotes":""},"categories":[109],"tags":[507,398,309,111,506],"class_list":["post-6382","post","type-post","status-publish","format-standard","has-post-thumbnail","hentry","category-telewizja","tag-halo-polonia","tag-maciej-piekarski","tag-syn-dwoch-matek","tag-tvp","tag-tvp-polonia"],"acf":[],"_links":{"self":[{"href":"http:\/\/piekarska.com.pl\/index.php?rest_route=\/wp\/v2\/posts\/6382","targetHints":{"allow":["GET"]}}],"collection":[{"href":"http:\/\/piekarska.com.pl\/index.php?rest_route=\/wp\/v2\/posts"}],"about":[{"href":"http:\/\/piekarska.com.pl\/index.php?rest_route=\/wp\/v2\/types\/post"}],"author":[{"embeddable":true,"href":"http:\/\/piekarska.com.pl\/index.php?rest_route=\/wp\/v2\/users\/1"}],"replies":[{"embeddable":true,"href":"http:\/\/piekarska.com.pl\/index.php?rest_route=%2Fwp%2Fv2%2Fcomments&post=6382"}],"version-history":[{"count":1,"href":"http:\/\/piekarska.com.pl\/index.php?rest_route=\/wp\/v2\/posts\/6382\/revisions"}],"predecessor-version":[{"id":6384,"href":"http:\/\/piekarska.com.pl\/index.php?rest_route=\/wp\/v2\/posts\/6382\/revisions\/6384"}],"wp:featuredmedia":[{"embeddable":true,"href":"http:\/\/piekarska.com.pl\/index.php?rest_route=\/wp\/v2\/media\/6383"}],"wp:attachment":[{"href":"http:\/\/piekarska.com.pl\/index.php?rest_route=%2Fwp%2Fv2%2Fmedia&parent=6382"}],"wp:term":[{"taxonomy":"category","embeddable":true,"href":"http:\/\/piekarska.com.pl\/index.php?rest_route=%2Fwp%2Fv2%2Fcategories&post=6382"},{"taxonomy":"post_tag","embeddable":true,"href":"http:\/\/piekarska.com.pl\/index.php?rest_route=%2Fwp%2Fv2%2Ftags&post=6382"}],"curies":[{"name":"wp","href":"https:\/\/api.w.org\/{rel}","templated":true}]}}