{"id":73861,"date":"2020-07-11T13:04:20","date_gmt":"2020-07-11T11:04:20","guid":{"rendered":"http:\/\/piekarska.com.pl\/?p=73861"},"modified":"2022-08-07T09:06:44","modified_gmt":"2022-08-07T07:06:44","slug":"6-numer-magazynu-literackiego-ksiazki-juz-do-kupienia-3","status":"publish","type":"post","link":"http:\/\/piekarska.com.pl\/?p=73861","title":{"rendered":"6 numer Magazynu Literackiego \u201eKsi\u0105\u017cki\u201d ju\u017c do kupienia"},"content":{"rendered":"\n<div class=\"wp-block-image\"><figure class=\"alignleft size-large is-resized\"><img loading=\"lazy\" decoding=\"async\" src=\"http:\/\/piekarska.com.pl\/wp-content\/uploads\/2020\/07\/MLK6-ok\u0142adka.jpg\" alt=\"\" class=\"wp-image-73862\" width=\"273\" height=\"386\" srcset=\"http:\/\/piekarska.com.pl\/wp-content\/uploads\/2020\/07\/MLK6-ok\u0142adka.jpg 573w, http:\/\/piekarska.com.pl\/wp-content\/uploads\/2020\/07\/MLK6-ok\u0142adka-212x300.jpg 212w\" sizes=\"auto, (max-width: 273px) 100vw, 273px\" \/><\/figure><\/div>\n\n\n\n<p><strong>Nowy numer Magazynu Literackiego, kt\u00f3rego jestem sta\u0142\u0105 felietonistk\u0105, ju\u017c w ksi\u0119garniach, a w \u015brodku m.in.:<\/strong><\/p>\n\n\n\n<p><strong>Jazzuj\u0105ca biblioteka<\/strong><br \/><em>Biblioteka Marka Gaszy\u0144skiego jest jak jazz \u2013 improwizowana. Jej&nbsp;<\/em><em>w\u0142a\u015bciciel tworzy\u0142 j\u0105 spontanicznie, ale nie bez zamys\u0142u. Od pocz\u0105tku&nbsp;<\/em><em>pasjonowa\u0142y go dwa tematy: jazz i bryd\u017c.&nbsp;<\/em><em>W gabinecie na rega\u0142ach stoj\u0105 segregatory z wycinkami prasowymi. Imponuj\u0105ce archiwum muzyczne. Zbierane od 1956 roku, czyli od pierwszego polskiego festiwalu jazzowego, wy\u0142\u0105cznie z polskich czasopism, kt\u00f3re wspomina\u0142y o jazzie. Ozdob\u0105 drugiego pokoju jest biurko Juliana Tuwima, przy kt\u00f3rym od lat Marek Gaszy\u0144ski codziennie zasiada i pisze kolejne ksi\u0105\u017cki, wiersze i teksty \u2013&nbsp;<\/em><strong>zagl\u0105damy do biblioteki Marka Gaszy\u0144skiego, dziennikarza, wybitnego znawcy historii polskiej muzyki rozrywkowej, autora tekst\u00f3w oraz ksi\u0105\u017cek o tematyce muzycznej<\/strong><\/p>\n\n\n\n<p><strong>R\u00f3\u017cne oblicza Tamary \u0141empickiej<br \/><\/strong><em>\u2013 Zak\u0142adamy ambitnie, \u017ce ten du\u017cy album \u201ewypu\u015bcimy\u201d jeszcze w tym roku. Teraz ju\u017c kompletujemy materia\u0142y, kt\u00f3re pozyskujemy z r\u00f3\u017cnych miejsc, bo nie wszystko ma Marisa, ale my\u015bl\u0119, \u017ce zebrali\u015bmy ju\u017c 80 proc. materia\u0142u do standardowego albumu. Dodam jeszcze, \u017ce Marisa zna\u0142a swoj\u0105 prababci\u0119, bo&nbsp;<\/em><em>mia\u0142a osiem lat, gdy Tamara \u0141empicka zmar\u0142a w Meksyku. Marisa&nbsp;<\/em><em>wraz ze swoj\u0105 matk\u0105 Victori\u0105 posiadaj\u0105 wszystkie prawa do publikacji i jaki\u015b czas temu za\u0142o\u017cy\u0142y&nbsp;<\/em><em>firm\u0119 o nazwie Tamara Lempicka Estate, kt\u00f3ra si\u0119 tym zajmuje. Od niej otrzymali\u015bmy&nbsp;<\/em><em>te\u017c prawa na wy\u0142\u0105czno\u015b\u0107 w Polsce i w czasie trwania naszej wieloletniej umowy mog\u0119 liczy\u0107&nbsp;<\/em><em>na to, \u017ce innych publikacji na \u015bwiecie nie pojawi si\u0119 za wiele, \u017ceby nie powiedzie\u0107 \u2013&nbsp;<\/em><em>\u017cadna!<\/em>&nbsp;\u2013&nbsp;<strong>o nowym projekcie wydawniczym opowiada Bogdan Szymanik, prezes wydawnictwa Bosz<\/strong><\/p>\n\n\n\n<p><strong>Co by by\u0142o, gdyby\u2026 odby\u0142y si\u0119 Gda\u0144skie Targi Ksi\u0105\u017cki?<br \/><\/strong><em>A tak dobrze si\u0119 zapowiada\u0142o \u2013 w dniach 27-29 marca tego roku mia\u0142a si\u0119 odby\u0107 trzecia edycja&nbsp;<\/em><em>Gda\u0144skich Targ\u00f3w Ksi\u0105\u017cki. Organizatorzy przyj\u0119li, \u017ce go\u015bciem honorowym b\u0119d\u0105&nbsp; Ba\u0142kany,&nbsp;<\/em><em>nie wdaj\u0105c si\u0119 szcz\u0119\u015bliwie w politologiczne dyskusje o czynnikach decyduj\u0105cych o przynale\u017cno\u015bci&nbsp;<\/em><em>regionu do ba\u0142ka\u0144skiego \u015bwiata. Gda\u0144skie Targi Ksi\u0105\u017cki mog\u0142y i mia\u0142y pokaza\u0107, \u017ce&nbsp;<\/em><em>literatura staje ponad podzia\u0142ami, s\u0142u\u017cy budowaniu most\u00f3w i wzajemnemu poznaniu. Targi&nbsp;<\/em><em>mia\u0142y by\u0107 te\u017c okazj\u0105 do spotka\u0144 z wydawcami dobrej literatury \u201ema\u0142ych narod\u00f3w\u201d i t\u0142umaczami&nbsp;<\/em><em>przek\u0142adanych dzie\u0142, prawdziwymi ambasadorami kultur&nbsp;<\/em><strong>\u2013 o tegorocznych Gda\u0144skich Targach Ksi\u0105\u017cki (odwo\u0142anych\/prze\u0142o\u017conych) pisze Lilla Moroz-Grzelak<\/strong><\/p>\n\n\n\n<p><strong><br \/>Ksi\u0105\u017cki miesi\u0105ca<\/strong><\/p>\n\n\n\n<ul class=\"wp-block-list\"><li><strong>\u201ePu\u0142ascy. Aut vincere, aut mori!\u201d&nbsp;<\/strong>Wojciecha Kudyby<\/li><li><strong>\u201eM. Syn stulecia\u201d<\/strong>&nbsp;Antonia Scuratiego<\/li><li><strong>\u201eFiedler. G\u0142\u00f3d \u015bwiata\u201d&nbsp;<\/strong>Piotra Bojarskiego<\/li><li><strong>\u201eKl\u0119ska imperium z\u0142a. Rok 1920\u201d&nbsp;<\/strong>Andrzeja Nowaka<\/li><\/ul>\n\n\n\n<p><strong>Proponujemy tak\u017ce:<\/strong><\/p>\n\n\n\n<ul class=\"wp-block-list\"><li>Wydarzenia<\/li><li>Bestsellery z komentarzem Krzysztofa Mas\u0142onia<\/li><li>Instytut Wydawniczy \u201eBiblioteka Polska\u201d \u2013 w cyklu Wydawcy mi\u0119dzywojennej Polski<\/li><li>Dupa tak wa\u017cna jak dusza \u2013 felieton Tadeusza Lewandowskiego<\/li><li>Ambasador Gombrowicza \u2013 rozmowa z Ann\u0105 Arno<\/li><li>Mo\u017ce trzeba by\u0107 w\u0119drowcem, \u017ceby opowiada\u0107 ciekawe historie? \u2013 rozmowa z Maj\u0105 Wolny<\/li><li>Gdy bibliofil sprz\u0105ta, czyli jedna p\u00f3\u0142ka i dzie\u0144 z g\u0142owy \u2013 felieton Ma\u0142gorzaty Karoliny Piekarskiej<\/li><li>Hybrydowy miks \u2013 felieton Tomasza Zaperta<\/li><li>Historia jest morzem \u2013 rozmowa z Marcinem Libickim<\/li><li>Czy mnie czytasz \u2013 Anna Karczewska recenzuje \u201eDo You Read Me?\u201d<\/li><li>Paradoks historii \u2013 rozmowa z Beat\u0105 Szady<\/li><li>Skrzywdzone ofiary \u2013 rozmowa z Violett\u0105 Krasnowsk\u0105<\/li><li>\u201eNienauczalni\u201d Gordona Kormana \u2013 rekomendacja Marii Kulik<\/li><li>Kultura na w\u0142a\u015bciwym miejscu \u2013 felieton Grzegorza Sowuli<\/li><li>Recenzje<\/li><\/ul>\n\n\n\n<p><strong>Nowy numer dost\u0119pny jest w sklepie:\u00a0<a href=\"http:\/\/rynek-ksiazki.pl\/sklep\/magazyn-literacki-ksiazki-6-2020-wersja-pdf\/\" target=\"_blank\" rel=\"noreferrer noopener\"><\/a><a href=\"https:\/\/rynek-ksiazki.pl\/sklep\/magazyn-literacki-ksiazki-6-2020-wersja-pdf\/\">https:\/\/rynek-ksiazki.pl\/sklep\/magazyn-literacki-ksiazki-6-2020-wersja-pdf\/<\/a><\/strong><\/p>\n","protected":false},"excerpt":{"rendered":"<p>Nowy numer Magazynu Literackiego, kt\u00f3rego jestem sta\u0142\u0105 felietonistk\u0105, ju\u017c w ksi\u0119garniach, a w \u015brodku m.in.: Jazzuj\u0105ca bibliotekaBiblioteka Marka Gaszy\u0144skiego jest jak jazz \u2013 improwizowana. Jej&nbsp;w\u0142a\u015bciciel tworzy\u0142 j\u0105 spontanicznie, ale nie bez zamys\u0142u. Od pocz\u0105tku&nbsp;pasjonowa\u0142y go dwa tematy: jazz i bryd\u017c.&nbsp;W &hellip; <a href=\"http:\/\/piekarska.com.pl\/?p=73861\">Continue reading <span class=\"meta-nav\">&rarr;<\/span><\/a><\/p>\n","protected":false},"author":1,"featured_media":73862,"comment_status":"closed","ping_status":"open","sticky":false,"template":"","format":"standard","meta":{"_acf_changed":false,"footnotes":""},"categories":[1157,6],"tags":[122],"class_list":["post-73861","post","type-post","status-publish","format-standard","has-post-thumbnail","hentry","category-felieton","category-nowosci","tag-magazyn-literacki-ksiazki"],"acf":[],"_links":{"self":[{"href":"http:\/\/piekarska.com.pl\/index.php?rest_route=\/wp\/v2\/posts\/73861","targetHints":{"allow":["GET"]}}],"collection":[{"href":"http:\/\/piekarska.com.pl\/index.php?rest_route=\/wp\/v2\/posts"}],"about":[{"href":"http:\/\/piekarska.com.pl\/index.php?rest_route=\/wp\/v2\/types\/post"}],"author":[{"embeddable":true,"href":"http:\/\/piekarska.com.pl\/index.php?rest_route=\/wp\/v2\/users\/1"}],"replies":[{"embeddable":true,"href":"http:\/\/piekarska.com.pl\/index.php?rest_route=%2Fwp%2Fv2%2Fcomments&post=73861"}],"version-history":[{"count":1,"href":"http:\/\/piekarska.com.pl\/index.php?rest_route=\/wp\/v2\/posts\/73861\/revisions"}],"predecessor-version":[{"id":73863,"href":"http:\/\/piekarska.com.pl\/index.php?rest_route=\/wp\/v2\/posts\/73861\/revisions\/73863"}],"wp:featuredmedia":[{"embeddable":true,"href":"http:\/\/piekarska.com.pl\/index.php?rest_route=\/wp\/v2\/media\/73862"}],"wp:attachment":[{"href":"http:\/\/piekarska.com.pl\/index.php?rest_route=%2Fwp%2Fv2%2Fmedia&parent=73861"}],"wp:term":[{"taxonomy":"category","embeddable":true,"href":"http:\/\/piekarska.com.pl\/index.php?rest_route=%2Fwp%2Fv2%2Fcategories&post=73861"},{"taxonomy":"post_tag","embeddable":true,"href":"http:\/\/piekarska.com.pl\/index.php?rest_route=%2Fwp%2Fv2%2Ftags&post=73861"}],"curies":[{"name":"wp","href":"https:\/\/api.w.org\/{rel}","templated":true}]}}