{"id":76422,"date":"2020-08-03T20:23:06","date_gmt":"2020-08-03T18:23:06","guid":{"rendered":"http:\/\/piekarska.com.pl\/?p=76422"},"modified":"2020-08-03T21:12:06","modified_gmt":"2020-08-03T19:12:06","slug":"dziewietnastoletni-marynarz-online","status":"publish","type":"post","link":"http:\/\/piekarska.com.pl\/?p=76422","title":{"rendered":"Dziewi\u0119tnastoletni marynarz &#8211; online"},"content":{"rendered":"\n<div class=\"wp-block-image\"><figure class=\"alignleft size-large\"><img loading=\"lazy\" decoding=\"async\" width=\"290\" height=\"410\" src=\"http:\/\/piekarska.com.pl\/wp-content\/uploads\/2015\/04\/marynarz.jpg\" alt=\"\" class=\"wp-image-173\" srcset=\"http:\/\/piekarska.com.pl\/wp-content\/uploads\/2015\/04\/marynarz.jpg 290w, http:\/\/piekarska.com.pl\/wp-content\/uploads\/2015\/04\/marynarz-212x300.jpg 212w, http:\/\/piekarska.com.pl\/wp-content\/uploads\/2015\/04\/marynarz-106x150.jpg 106w\" sizes=\"auto, (max-width: 290px) 100vw, 290px\" \/><\/figure><\/div>\n\n\n\n<p>W 2005 roku nak\u0142adem wydawnictwa Finna ukaza\u0142a si\u0119 moja dokumentalna ksi\u0105\u017cka pt. \u201cDziewi\u0119tnastoletni marynarz\u201d zawieraj\u0105ca przesz\u0142o 70 list\u00f3w do rodzic\u00f3w pisanych przez Zbigniewa Piekarskiego (1905-1924) ucznia Szko\u0142y Morskiej w Tczewie, a prywatnie mojego stryjecznego dziadka. Nak\u0142ad publikacji jest dawno wyczerpany. Nigdy nie by\u0142o sprzeda\u017cy w postaci e-booka. Tymczasem do mnie, co jaki\u015b czas, zg\u0142aszaj\u0105 si\u0119 czytelnicy zainteresowani tre\u015bci\u0105 publikacji. St\u0105d pomys\u0142 na przeniesienie list\u00f3w do sieci w postaci projektu filmowego.<\/p>\n\n\n\n<p>Strona projektu: <a href=\"http:\/\/19.zmuszynski.eu\/\" target=\"_blank\" rel=\"noreferrer noopener\">http:\/\/19.zmuszynski.eu\/<\/a><\/p>\n\n\n\n<p>W 2020 roku Ministerstwo Kultury i Dziedzictwa Narodowego przyzna\u0142o aktorowi Zacharjaszowi Muszy\u0144skiemu, prywatnie mojemu m\u0119\u017cowi, trzymiesi\u0119czne stypendium artystyczne w kategorii \u201cfilm\u201d w ramach projektu \u201cKultura w sieci\u201d. Projekt realizowany jest w ramach tego stypendium. Scenariusz i re\u017cyseria to wsp\u00f3lna praca mojego m\u0119\u017ca Zacharjasza Muszy\u0144skiego i moja.<\/p>\n\n\n\n<p>Wizualnie w rol\u0119 Zbyszka wcieli\u0142 si\u0119 m\u00f3j m\u0105\u017c &#8211; Zachariasz Muszy\u0144ski. Ze wzgl\u0119du na fakt, \u017ce obdarzony jest g\u0142\u0119bokim bas-barytonem, kt\u00f3ry stanowczo nie pasuje do dziewi\u0119tnastolatniego bohatera, g\u0142osu Zbyszkowi u\u017cyczy\u0142 jego cioteczno-stryjeczny prawnuk \u2013 Maciej Szymczak, a prywatnie m\u00f3j syn.<\/p>\n\n\n\n<p>Filmy wsp\u00f3\u0142czesne kr\u0119cono uzywaj\u0105c iPhone 11pro, a montowano w programie Davinci Resolve, czym zaj\u0119\u0142am si\u0119 osobi\u015bcie. <\/p>\n\n\n\n<p>Fotografie ze Szko\u0142y Morskiej w Tczewie pochodz\u0105 ze zbior\u00f3w\u00a0<a rel=\"noreferrer noopener\" href=\"https:\/\/polona.pl\/\" target=\"_blank\">Polona.pl<\/a>. W niekt\u00f3rych filmach wykorzystano fragmenty filmu z 1926 roku pt. \u201cZew morza\u201d w re\u017cyserii Henryka Szaro. To jedyny film, w kt\u00f3rym \u201czagra\u0142\u201d statek szkolny \u201cLw\u00f3w\u201d, na kt\u00f3rym p\u0142ywa\u0142 autor list\u00f3w. Materia\u0142 zosta\u0142 udost\u0119pniony dzi\u0119ki Filmotece Narodowej \u2013 Instytutowi Audiowizualnemu (FINA).\u00a0<\/p>\n\n\n\n<p>Dzi\u015b wypu\u015bcili\u015bmy pierwszy film. <\/p>\n\n\n\n<figure class=\"wp-block-embed-youtube wp-block-embed is-type-video is-provider-youtube wp-embed-aspect-16-9 wp-has-aspect-ratio\"><div class=\"wp-block-embed__wrapper\">\n<iframe loading=\"lazy\"  id=\"_ytid_82404\"  width=\"620\" height=\"349\"  data-origwidth=\"620\" data-origheight=\"349\" src=\"https:\/\/www.youtube.com\/embed\/j_OAZumEUiA?enablejsapi=1&#038;autoplay=0&#038;cc_load_policy=0&#038;cc_lang_pref=&#038;iv_load_policy=1&#038;loop=0&#038;rel=1&#038;fs=1&#038;playsinline=0&#038;autohide=2&#038;theme=dark&#038;color=red&#038;controls=1&#038;disablekb=0&#038;\" class=\"__youtube_prefs__  epyt-is-override  no-lazyload\" title=\"YouTube player\"  allow=\"fullscreen; accelerometer; autoplay; clipboard-write; encrypted-media; gyroscope; picture-in-picture; web-share\" referrerpolicy=\"strict-origin-when-cross-origin\" allowfullscreen data-no-lazy=\"1\" data-skipgform_ajax_framebjll=\"\"><\/iframe>\n<\/div><\/figure>\n","protected":false},"excerpt":{"rendered":"<p>W 2005 roku nak\u0142adem wydawnictwa Finna ukaza\u0142a si\u0119 moja dokumentalna ksi\u0105\u017cka pt. \u201cDziewi\u0119tnastoletni marynarz\u201d zawieraj\u0105ca przesz\u0142o 70 list\u00f3w do rodzic\u00f3w pisanych przez Zbigniewa Piekarskiego (1905-1924) ucznia Szko\u0142y Morskiej w Tczewie, a prywatnie mojego stryjecznego dziadka. Nak\u0142ad publikacji jest dawno wyczerpany. &hellip; <a href=\"http:\/\/piekarska.com.pl\/?p=76422\">Continue reading <span class=\"meta-nav\">&rarr;<\/span><\/a><\/p>\n","protected":false},"author":1,"featured_media":76423,"comment_status":"closed","ping_status":"open","sticky":false,"template":"","format":"standard","meta":{"_acf_changed":false,"footnotes":""},"categories":[155,659],"tags":[1004,1005,1006,129],"class_list":["post-76422","post","type-post","status-publish","format-standard","has-post-thumbnail","hentry","category-film","category-inne","tag-dziewietnastoletni-marynarz","tag-dziewietnastoletni-marynarz-online","tag-maciej-szymczak","tag-zacharjasz-muszynski"],"acf":[],"_links":{"self":[{"href":"http:\/\/piekarska.com.pl\/index.php?rest_route=\/wp\/v2\/posts\/76422","targetHints":{"allow":["GET"]}}],"collection":[{"href":"http:\/\/piekarska.com.pl\/index.php?rest_route=\/wp\/v2\/posts"}],"about":[{"href":"http:\/\/piekarska.com.pl\/index.php?rest_route=\/wp\/v2\/types\/post"}],"author":[{"embeddable":true,"href":"http:\/\/piekarska.com.pl\/index.php?rest_route=\/wp\/v2\/users\/1"}],"replies":[{"embeddable":true,"href":"http:\/\/piekarska.com.pl\/index.php?rest_route=%2Fwp%2Fv2%2Fcomments&post=76422"}],"version-history":[{"count":3,"href":"http:\/\/piekarska.com.pl\/index.php?rest_route=\/wp\/v2\/posts\/76422\/revisions"}],"predecessor-version":[{"id":76426,"href":"http:\/\/piekarska.com.pl\/index.php?rest_route=\/wp\/v2\/posts\/76422\/revisions\/76426"}],"wp:featuredmedia":[{"embeddable":true,"href":"http:\/\/piekarska.com.pl\/index.php?rest_route=\/wp\/v2\/media\/76423"}],"wp:attachment":[{"href":"http:\/\/piekarska.com.pl\/index.php?rest_route=%2Fwp%2Fv2%2Fmedia&parent=76422"}],"wp:term":[{"taxonomy":"category","embeddable":true,"href":"http:\/\/piekarska.com.pl\/index.php?rest_route=%2Fwp%2Fv2%2Fcategories&post=76422"},{"taxonomy":"post_tag","embeddable":true,"href":"http:\/\/piekarska.com.pl\/index.php?rest_route=%2Fwp%2Fv2%2Ftags&post=76422"}],"curies":[{"name":"wp","href":"https:\/\/api.w.org\/{rel}","templated":true}]}}