{"id":76429,"date":"2020-08-18T08:47:02","date_gmt":"2020-08-18T06:47:02","guid":{"rendered":"http:\/\/piekarska.com.pl\/?p=76429"},"modified":"2020-09-09T22:53:03","modified_gmt":"2020-09-09T20:53:03","slug":"7-numer-magazynu-literackiego-ksiazki-juz-do-kupienia-4","status":"publish","type":"post","link":"http:\/\/piekarska.com.pl\/?p=76429","title":{"rendered":"7-8 numer Magazynu Literackiego \u201eKsi\u0105\u017cki\u201d ju\u017c do kupienia"},"content":{"rendered":"\n<div class=\"wp-block-image\"><figure class=\"alignleft size-large is-resized\"><img loading=\"lazy\" decoding=\"async\" src=\"http:\/\/piekarska.com.pl\/wp-content\/uploads\/2020\/08\/MLK7_8-768x1077-1-730x1024.jpg\" alt=\"\" class=\"wp-image-76430\" width=\"252\" height=\"353\" srcset=\"http:\/\/piekarska.com.pl\/wp-content\/uploads\/2020\/08\/MLK7_8-768x1077-1-730x1024.jpg 730w, http:\/\/piekarska.com.pl\/wp-content\/uploads\/2020\/08\/MLK7_8-768x1077-1-214x300.jpg 214w, http:\/\/piekarska.com.pl\/wp-content\/uploads\/2020\/08\/MLK7_8-768x1077-1.jpg 768w\" sizes=\"auto, (max-width: 252px) 100vw, 252px\" \/><\/figure><\/div>\n\n\n\n<p><strong>Nowy numer Magazynu Literackiego, kt\u00f3rego jestem sta\u0142\u0105 felietonistk\u0105, ju\u017c w ksi\u0119garniach, a w \u015brodku m.in.:<\/strong><\/p>\n\n\n\n<p><strong>Salon u Tomasza Lerskiego<\/strong><br \/><em>W czerwono-z\u0142otej tonacji, z pianinem, ci\u0119\u017ckimi kotarami, rze\u017abami, obrazami, czynnym patefonem. Szczelnie zastawiony antykami, udekorowany stylowymi bibelotami zbieranymi od 30 lat. Tomasz Lerski odtwarza warszawski XIX-wieczny salonik. Od lat i z mozo\u0142em kolekcjonuje wszystko to, co stanowi o charakterze przedwojennego wn\u0119trza warszawskiej kamienicy. Biblioteka to przerobiona na ten cel secesyjna szafa z hotelu Bristol, projektu Ottona Wagnera, sprzedana w roku 1930, kiedy unowocze\u015bniano hotel<\/em>&nbsp;\u2013 go\u015bcimy u Tomasza Lerskiego \u2013 dziennikarza, varsavianisty, historyka kultury<\/p>\n\n\n\n<p><strong>G\u0142\u00f3d podr\u00f3\u017cy<\/strong><br \/>Ju\u017c po raz dwunasty przyznali\u015bmy doroczne Nagrody Magellana w konkursie Najlepsze publikacje turystyczne. Ide\u0105 konkursu jest wyr\u00f3\u017cnianie wydawc\u00f3w warto\u015bciowych ksi\u0105\u017cek o tematyce podr\u00f3\u017cniczej \u2013 przewodnik\u00f3w, atlas\u00f3w, reporta\u017cy. Dwunast\u0105 edycj\u0119 konkursu zdominowa\u0142y publikacje polskie i o Polsce. W dzisiejszej, nowej rzeczywisto\u015bci, gdy wi\u0119kszo\u015b\u0107 Polak\u00f3w sp\u0119dza czas na poznawaniu w\u0142asnego kraju, niech te pozycje b\u0119d\u0105 cennym drogowskazem, rekomendacj\u0105. W nich znajdziecie to, co w Polsce najlepsze<\/p>\n\n\n\n<p><strong>Autokreatorka<\/strong><br \/>Jak lis zamiata ogonem \u015blady za sob\u0105, tak \u0141empicka zatar\u0142a, przemilcza\u0142a pewne fakty ze swego \u017cycia, \u201eniepasuj\u0105ce\u201d do w\u0142asnego wizerunku, kt\u00f3ry z wielkim zaanga\u017cowaniem prezentowa\u0142a. By\u0142o to cz\u0119\u015bci\u0105 jej procesu tw\u00f3rczego: kreowania nie tylko p\u0142\u00f3cien, ale i siebie samej. W \u017cyciu Tamary design \u2013 czyli rzecz przemy\u015blana, zaprojektowana \u2013 obejmowa\u0142 nie tylko sztuk\u0119, ale i \u017cycie, a nawet emocje. Jej ol\u015bniewaj\u0105cym obrazom towarzyszy wi\u0119c r\u00f3wnie starannie wykreowana w\u0142asna sylwetka: szczeg\u00f3\u0142y odzie\u017cy, bi\u017cuterii, spos\u00f3b poruszania si\u0119, gesty r\u0105k, wymowa \u2013 rozmowa z&nbsp;<strong>Grzegorzem Musia\u0142em<\/strong>,<br \/>autorem powie\u015bci biograficznej \u201eJa, Tamara\u201d<\/p>\n\n\n\n<p><strong>Ksi\u0105\u017cki miesi\u0105ca<\/strong><\/p>\n\n\n\n<ul class=\"wp-block-list\"><li>\u201eAnio\u0142 \u017cycia z Auschwitz\u201d Niny Majewskiej-Brown<\/li><li>\u201eJa, Tamara\u201d Grzegorza Musia\u0142a<\/li><li>\u201ePogrom 1907\u201d Wac\u0142awa Holewi\u0144skiego<\/li><li>\u201eNajlepsze miasto \u015bwiata\u201d Grzegorza Pi\u0105tka<\/li><li>\u201eOd jednego Lucypera\u201d Anny Dziewit-Meller<\/li><\/ul>\n\n\n\n<p><strong>Proponujemy tak\u017ce:<\/strong><\/p>\n\n\n\n<ul class=\"wp-block-list\"><li>Wydarzenia<\/li><li><strong>Bestsellery<\/strong>&nbsp;z komentarzem Krzysztofa Mas\u0142onia<\/li><li>Poza baz\u0105 jest nadbudowa \u2013 rozmowa z&nbsp;<strong>Krzysztofem Opolskim i Krzysztofem Turskim<\/strong>, autorami \u201eHistorii ludzkiej chciwo\u015bci\u201d<\/li><li>Ksi\u0105\u017cka bez kartek, czyli mi\u0119dzy ofiar\u0105 wojny a brakor\u00f3bstwem \u2013 felieton&nbsp;<strong>Ma\u0142gorzaty Karoliny Piekarskiej<\/strong><\/li><li>Wymazani z pami\u0119ci \u2013 rozmowa z&nbsp;<strong>Ann\u0105 Mieszczanek&nbsp;<\/strong><\/li><li>Z lotu ptaka \u2013 felieton&nbsp;<strong>Tadeusza Lewandowskiego&nbsp;<\/strong><\/li><li>O m\u0105dro\u015bci i cierpliwo\u015bci \u2013 felieton&nbsp;<strong>Grzegorza Sowuli<\/strong><\/li><li>Cz\u0142owiek orkiestra \u2013 rozmowa z&nbsp;<strong>Jaros\u0142awem Rybskim<\/strong>, niedawno zmar\u0142ym t\u0142umaczem i autorem ksi\u0105\u017cek<\/li><li>\u201eNa Jowisza! Uzupe\u0142niam Je\u017cycjad\u0119\u201d \u2013 rekomendacja&nbsp;<strong>Marii Kulik<\/strong><\/li><li>Od hieroglif\u00f3w do YouTube\u2019a \u2013 recenzja ksi\u0105\u017cki \u201eHALO! Historia komunikowania si\u0119\u201d<\/li><li>Recenzje<\/li><\/ul>\n\n\n\n<p><strong>Nowy numer dost\u0119pny jest w sklepie:&nbsp;<\/strong><a href=\"https:\/\/rynek-ksiazki.pl\/sklep\/magazyn-literacki-ksiazki-7-82020-wersja-pdf\/?fbclid=IwAR3cgN60YyC6k3asnap6gqVzQuM-Mix5nP34BC1baLGCZuUdplcpvzw1mks\" target=\"_blank\" rel=\"noreferrer noopener\">https:\/\/rynek-ksiazki.pl\/sklep\/magazyn-literacki-ksiazki-7-82020-wersja-pdf\/<\/a><\/p>\n","protected":false},"excerpt":{"rendered":"<p>Nowy numer Magazynu Literackiego, kt\u00f3rego jestem sta\u0142\u0105 felietonistk\u0105, ju\u017c w ksi\u0119garniach, a w \u015brodku m.in.: Salon u Tomasza LerskiegoW czerwono-z\u0142otej tonacji, z pianinem, ci\u0119\u017ckimi kotarami, rze\u017abami, obrazami, czynnym patefonem. Szczelnie zastawiony antykami, udekorowany stylowymi bibelotami zbieranymi od 30 lat. Tomasz &hellip; <a href=\"http:\/\/piekarska.com.pl\/?p=76429\">Continue reading <span class=\"meta-nav\">&rarr;<\/span><\/a><\/p>\n","protected":false},"author":1,"featured_media":76430,"comment_status":"closed","ping_status":"open","sticky":false,"template":"","format":"standard","meta":{"_acf_changed":false,"footnotes":""},"categories":[6],"tags":[122],"class_list":["post-76429","post","type-post","status-publish","format-standard","has-post-thumbnail","hentry","category-nowosci","tag-magazyn-literacki-ksiazki"],"acf":[],"_links":{"self":[{"href":"http:\/\/piekarska.com.pl\/index.php?rest_route=\/wp\/v2\/posts\/76429","targetHints":{"allow":["GET"]}}],"collection":[{"href":"http:\/\/piekarska.com.pl\/index.php?rest_route=\/wp\/v2\/posts"}],"about":[{"href":"http:\/\/piekarska.com.pl\/index.php?rest_route=\/wp\/v2\/types\/post"}],"author":[{"embeddable":true,"href":"http:\/\/piekarska.com.pl\/index.php?rest_route=\/wp\/v2\/users\/1"}],"replies":[{"embeddable":true,"href":"http:\/\/piekarska.com.pl\/index.php?rest_route=%2Fwp%2Fv2%2Fcomments&post=76429"}],"version-history":[{"count":2,"href":"http:\/\/piekarska.com.pl\/index.php?rest_route=\/wp\/v2\/posts\/76429\/revisions"}],"predecessor-version":[{"id":76436,"href":"http:\/\/piekarska.com.pl\/index.php?rest_route=\/wp\/v2\/posts\/76429\/revisions\/76436"}],"wp:featuredmedia":[{"embeddable":true,"href":"http:\/\/piekarska.com.pl\/index.php?rest_route=\/wp\/v2\/media\/76430"}],"wp:attachment":[{"href":"http:\/\/piekarska.com.pl\/index.php?rest_route=%2Fwp%2Fv2%2Fmedia&parent=76429"}],"wp:term":[{"taxonomy":"category","embeddable":true,"href":"http:\/\/piekarska.com.pl\/index.php?rest_route=%2Fwp%2Fv2%2Fcategories&post=76429"},{"taxonomy":"post_tag","embeddable":true,"href":"http:\/\/piekarska.com.pl\/index.php?rest_route=%2Fwp%2Fv2%2Ftags&post=76429"}],"curies":[{"name":"wp","href":"https:\/\/api.w.org\/{rel}","templated":true}]}}