{"id":76489,"date":"2020-07-26T17:52:00","date_gmt":"2020-07-26T15:52:00","guid":{"rendered":"http:\/\/piekarska.com.pl\/?p=76489"},"modified":"2022-08-07T09:06:39","modified_gmt":"2022-08-07T07:06:39","slug":"nowa-2-2020-wyspa-juz-do-kupienia","status":"publish","type":"post","link":"http:\/\/piekarska.com.pl\/?p=76489","title":{"rendered":"Nowa (2\/2020) \u201cWyspa\u201d ju\u017c do kupienia"},"content":{"rendered":"\n<div class=\"wp-block-image\"><figure class=\"alignleft size-large is-resized\"><img loading=\"lazy\" decoding=\"async\" src=\"http:\/\/piekarska.com.pl\/wp-content\/uploads\/2020\/11\/wyspa_2_okladka-732x1024.jpg\" alt=\"\" class=\"wp-image-76490\" width=\"232\" height=\"324\" srcset=\"http:\/\/piekarska.com.pl\/wp-content\/uploads\/2020\/11\/wyspa_2_okladka-732x1024.jpg 732w, http:\/\/piekarska.com.pl\/wp-content\/uploads\/2020\/11\/wyspa_2_okladka-215x300.jpg 215w, http:\/\/piekarska.com.pl\/wp-content\/uploads\/2020\/11\/wyspa_2_okladka-768x1074.jpg 768w, http:\/\/piekarska.com.pl\/wp-content\/uploads\/2020\/11\/wyspa_2_okladka.jpg 778w\" sizes=\"auto, (max-width: 232px) 100vw, 232px\" \/><\/figure><\/div>\n\n\n\n<p>Drugi tegoroczny numer \u201eKwartalnika Literackiego Wyspa\u201d, w kt\u00f3ry prowadz\u0119 \u201eGaleri\u0119 na Wyspie\u201d zdobi\u0105 ilustracje Darii Brzezi\u0144skiej.<\/p>\n\n\n\n<p>Polecamy Pa\u0144stwa uwadze opowiadanie re\u017cysera filmowego, pisarza i scenarzysty Janusza Majewskiego \u201cLaska z g\u0142ow\u0105 psa\u201d. W dziale proza publikujemy r\u00f3wnie\u017c teksty Piotra Milewskiego, Wac\u0142awa Holewi\u0144skiego, Wojciecha Chmielewskiego i Anny Rozwadowskiej-Zaj\u0105c.<\/p>\n\n\n\n<p>W tym wydaniu przeczytacie Pa\u0144stwo wiersze Jaros\u0142awa Miko\u0142ajewskiego, Doroty Suwalskiej, Ryszarda Ko\u0142odzieja, Tomasza Wojewody i Danuty Ga\u0142eckiej-Krajewskiej.<\/p>\n\n\n\n<p>W numerze 2\/20 zamie\u015bcili\u015bmy znakomite eseje: Martyny Deszczy\u0144skiej,&nbsp; Marcina Libickiego i Krzysztofa Jana Drozdowskiego.<\/p>\n\n\n\n<p>Zapraszamy do lektury wywiadu z Izold\u0105 Kiec, autork\u0105 ksi\u0105\u017cki \u201cGinczanka\u201d.<\/p>\n\n\n\n<p>Nie zabrak\u0142o oczywi\u015bcie naszych sta\u0142ych felietonist\u00f3w: Miros\u0142awa Ba\u0144ko, Karola Maliszewskiego, Piotra Wojciechowskiego i Jana Zieli\u0144skiego.<\/p>\n\n\n\n<p><strong>&nbsp;Spis tre\u015bci:<\/strong><\/p>\n\n\n\n<p>PROZA<\/p>\n\n\n\n<p><strong>Janusz Majewski<\/strong><br \/>Laska z g\u0142ow\u0105 psa<\/p>\n\n\n\n<p><strong>Piotr Milewski<\/strong><br \/>My, czyli kto? Manifest (ponad)pokoleniowy<\/p>\n\n\n\n<p><strong>Anna Rozwadowska-Zaj\u0105c<\/strong><br \/>(Za) Sypiam z Pilchem i si\u0119 budz\u0119. Historia bardzo osobista, czyli jak si\u0119 pozby\u0107 ex kochanka<\/p>\n\n\n\n<p><strong>Wac\u0142aw Holewi\u0144ski<\/strong><br \/>Krew na r\u0119kach moich<\/p>\n\n\n\n<p><strong>Wojciech Chmielewski<\/strong><br \/>Do W\u0142odzimierza \u017baboty\u0144skiego z Warszawy<\/p>\n\n\n\n<p>POEZJA<\/p>\n\n\n\n<p><strong>Jaros\u0142aw Miko\u0142ajewski<\/strong><\/p>\n\n\n\n<ul class=\"wp-block-list\"><li>Do jutra<\/li><li>Pocz\u0105tek wieczno\u015bci<\/li><li>Si\u0119 czuj\u0119<\/li><li>Opuszczaj\u0105 cudzoziemcy prowincj\u0119 wuhan<\/li><li>Ci o wsp\u00f3lnym niemieckim nazwisku na a<\/li><\/ul>\n\n\n\n<p><strong>Ryszard Ko\u0142odziej<\/strong><\/p>\n\n\n\n<ul class=\"wp-block-list\"><li>Kr\u00f3l Dawid 27<\/li><li>Sztuka pisania 28<\/li><li>Warunek 28<\/li><\/ul>\n\n\n\n<p><strong>Dorota Suwalska<\/strong><\/p>\n\n\n\n<ul class=\"wp-block-list\"><li>*** [mog\u0119 zrzuci\u0107 ten]<\/li><li>*** [my\u015bl\u0119: umar\u0142am]<\/li><li>*** [d\u017awi\u0119k nadaje kszta\u0142t ciszy]<\/li><li>*** [jemy z synkiem lody]<\/li><li>*** [I co Puszku, ju\u017c nigdy]<\/li><li>*** [By\u0142a sobie raz kr\u00f3lewna]<\/li><li>*** [Musisz mie\u0107 co\u015b do obrony]<\/li><li>*** [Wymy\u015bli\u0142am i zrealizowa\u0142am ciasto]<\/li><\/ul>\n\n\n\n<p><strong>Tomasz Wojewoda<\/strong><\/p>\n\n\n\n<ul class=\"wp-block-list\"><li>Zombie<\/li><li>Z serca<\/li><li>Geografia podniebna<\/li><li>Relanium<\/li><li>Fotografia post mortem<\/li><\/ul>\n\n\n\n<p><strong>Danuta Ga\u0142ecka-Krajewska<\/strong><\/p>\n\n\n\n<ul class=\"wp-block-list\"><li>Powiedz<\/li><li>Przyzwolenie wst\u0119pne<\/li><li>Ruchy materii<\/li><li>Adresat zbiorowy<\/li><\/ul>\n\n\n\n<p><strong>ESEJ<\/strong><\/p>\n\n\n\n<p><strong>Martyna Deszczy\u0144ska<\/strong><br \/>Informacja, biurokracja i era transludzka<\/p>\n\n\n\n<p><strong>Marcin Libicki<\/strong><br \/>Vivat Europa!<\/p>\n\n\n\n<p><strong>Krzysztof Jan Drozdowski<\/strong><br \/>Na przek\u00f3r szerz\u0105cej si\u0119 hipokryzji<\/p>\n\n\n\n<p><strong>WYWIAD<\/strong><br \/><strong>Poetka zdradzana<\/strong><br \/>Z Izold\u0105 Kiec rozmawia\u0142 Tomasz Zbigniew Zapert<\/p>\n\n\n\n<p><strong>KRONIKI I KALENDARIA<\/strong><br \/><strong>Aleksandra Doma\u0144ska<\/strong><br \/>Notatki sz\u00f3ste<\/p>\n\n\n\n<p><strong>KRONIKA<\/strong><br \/>Redaguje Piotr Dobro\u0142\u0119cki<\/p>\n\n\n\n<p><strong>FELIETONY<\/strong><\/p>\n\n\n\n<p><strong>Jan Zieli\u0144ski<\/strong><br \/>Mandarynki. Krzy\u017c\u00f3wki. Karolinki<\/p>\n\n\n\n<p><strong>Miros\u0142aw Ba\u0144ko<\/strong><br \/>S\u0142owa, s\u0142owa\u2026<\/p>\n\n\n\n<p><strong>Piotr Wojciechowski<\/strong><br \/>Kultura jako przestrze\u0144 rozmowy<\/p>\n\n\n\n<p><strong>Karol Maliszewski<\/strong><br \/>Olga. Notatnik (3)<\/p>\n\n\n\n<p><strong>GALERIA NA \u201eWYSPIE \u201d<\/strong><br \/>Ma\u0142gorzata Karolina Piekarska<\/p>\n\n\n\n<p><strong>PERYSKOP<\/strong><br \/><strong>Piotr Dobro\u0142\u0119cki <\/strong>Z redakcyjnej poczty<\/p>\n\n\n\n<p><strong>RECENZJE<\/strong><\/p>\n\n\n\n<ul class=\"wp-block-list\"><li><strong>Dragan Dragojlovi\u0107<\/strong><br \/>Niezwyk\u0142e przedsi\u0119wzi\u0119cie (Grzegorz \u0141atuszy\u0144ski, \u201c100 wsp\u00f3\u0142czesnych polskich poet\u00f3w. Antologia\u201d)<\/li><li><strong>Wac\u0142aw Holewi\u0144ski<\/strong><br \/>Czy Polacy mogli wi\u0119cej? (Bogdan Musia\u0142, \u201cKto dopomo\u017ce \u017bydowi\u201d)<\/li><li><strong>Zbigniew Masternak<\/strong><br \/>Polska jak obwarzanek (Piotr Marecki, \u201cPolska przydro\u017cna\u201d)<\/li><li><strong>Lilla Moroz-Grzelak<\/strong><br \/>Sztuka pisania o przesz\u0142o\u015bci (Wies\u0142aw Walkiewicz, \u201cS\u0142owia\u0144szczyzna po\u0142udniowa mi\u0119dzy przesz\u0142o\u015bci\u0105 a przysz\u0142o\u015bci\u0105\u201d)<\/li><li><strong>Wojciech Kaliszewski<\/strong><br \/>Zimne morze (Maciej Bieszczad, \u201cNiteczka\u201d)<\/li><\/ul>\n","protected":false},"excerpt":{"rendered":"<p>Drugi tegoroczny numer \u201eKwartalnika Literackiego Wyspa\u201d, w kt\u00f3ry prowadz\u0119 \u201eGaleri\u0119 na Wyspie\u201d zdobi\u0105 ilustracje Darii Brzezi\u0144skiej. Polecamy Pa\u0144stwa uwadze opowiadanie re\u017cysera filmowego, pisarza i scenarzysty Janusza Majewskiego \u201cLaska z g\u0142ow\u0105 psa\u201d. W dziale proza publikujemy r\u00f3wnie\u017c teksty Piotra Milewskiego, Wac\u0142awa &hellip; <a href=\"http:\/\/piekarska.com.pl\/?p=76489\">Continue reading <span class=\"meta-nav\">&rarr;<\/span><\/a><\/p>\n","protected":false},"author":1,"featured_media":76490,"comment_status":"closed","ping_status":"open","sticky":false,"template":"","format":"standard","meta":{"_acf_changed":false,"footnotes":""},"categories":[1157,6],"tags":[383,382],"class_list":["post-76489","post","type-post","status-publish","format-standard","has-post-thumbnail","hentry","category-felieton","category-nowosci","tag-kwartalnik-literacki-wyspa","tag-wyspa"],"acf":[],"_links":{"self":[{"href":"http:\/\/piekarska.com.pl\/index.php?rest_route=\/wp\/v2\/posts\/76489","targetHints":{"allow":["GET"]}}],"collection":[{"href":"http:\/\/piekarska.com.pl\/index.php?rest_route=\/wp\/v2\/posts"}],"about":[{"href":"http:\/\/piekarska.com.pl\/index.php?rest_route=\/wp\/v2\/types\/post"}],"author":[{"embeddable":true,"href":"http:\/\/piekarska.com.pl\/index.php?rest_route=\/wp\/v2\/users\/1"}],"replies":[{"embeddable":true,"href":"http:\/\/piekarska.com.pl\/index.php?rest_route=%2Fwp%2Fv2%2Fcomments&post=76489"}],"version-history":[{"count":1,"href":"http:\/\/piekarska.com.pl\/index.php?rest_route=\/wp\/v2\/posts\/76489\/revisions"}],"predecessor-version":[{"id":76491,"href":"http:\/\/piekarska.com.pl\/index.php?rest_route=\/wp\/v2\/posts\/76489\/revisions\/76491"}],"wp:featuredmedia":[{"embeddable":true,"href":"http:\/\/piekarska.com.pl\/index.php?rest_route=\/wp\/v2\/media\/76490"}],"wp:attachment":[{"href":"http:\/\/piekarska.com.pl\/index.php?rest_route=%2Fwp%2Fv2%2Fmedia&parent=76489"}],"wp:term":[{"taxonomy":"category","embeddable":true,"href":"http:\/\/piekarska.com.pl\/index.php?rest_route=%2Fwp%2Fv2%2Fcategories&post=76489"},{"taxonomy":"post_tag","embeddable":true,"href":"http:\/\/piekarska.com.pl\/index.php?rest_route=%2Fwp%2Fv2%2Ftags&post=76489"}],"curies":[{"name":"wp","href":"https:\/\/api.w.org\/{rel}","templated":true}]}}