{"id":76563,"date":"2021-03-18T08:30:00","date_gmt":"2021-03-18T07:30:00","guid":{"rendered":"http:\/\/piekarska.com.pl\/?p=76563"},"modified":"2021-03-17T18:24:30","modified_gmt":"2021-03-17T17:24:30","slug":"drugie-wydanie-ksiazki-dziewietnastoletni-marynarz-juz-w-ksiegarniach","status":"publish","type":"post","link":"http:\/\/piekarska.com.pl\/?p=76563","title":{"rendered":"Drugie wydanie ksi\u0105\u017cki &#8222;Dziewi\u0119tnastoletni marynarz&#8221; ju\u017c w ksi\u0119garniach"},"content":{"rendered":"\n<p>Zar\u00f3wno w ksi\u0119garniach stacjonarnych jak i internetowych jest ju\u017c drugie wydanie mojej dokumentalnej ksi\u0105\u017cki pt. &#8222;Dziewi\u0119tnastoletni marynarz&#8221;. Ukaza\u0142o si\u0119 nak\u0142adem wydawnictwa <a rel=\"noreferrer noopener\" href=\"https:\/\/wydawnictwonautica.pl\/kategoria\/literatura-faktu\/19letnimarynarz\" data-type=\"URL\" target=\"_blank\">Nautica<\/a>, kt\u00f3re zaproponowa\u0142o drugie wydanie pod wp\u0142ywem projektu &#8222;<a rel=\"noreferrer noopener\" href=\"http:\/\/19.zmuszynski.eu\/\" data-type=\"URL\" data-id=\"http:\/\/19.zmuszynski.eu\/\" target=\"_blank\">Dziewi\u0119tnastoletni marynarz &#8211; online<\/a>&#8222;. <\/p>\n\n\n\n<figure class=\"wp-block-image size-large\"><a href=\"http:\/\/piekarska.com.pl\/wp-content\/uploads\/2020\/08\/lwow.jpg\"><img loading=\"lazy\" decoding=\"async\" width=\"1024\" height=\"772\" src=\"http:\/\/piekarska.com.pl\/wp-content\/uploads\/2020\/08\/lwow-1024x772.jpg\" alt=\"\" class=\"wp-image-76423\" srcset=\"http:\/\/piekarska.com.pl\/wp-content\/uploads\/2020\/08\/lwow-1024x772.jpg 1024w, http:\/\/piekarska.com.pl\/wp-content\/uploads\/2020\/08\/lwow-300x226.jpg 300w, http:\/\/piekarska.com.pl\/wp-content\/uploads\/2020\/08\/lwow-768x579.jpg 768w, http:\/\/piekarska.com.pl\/wp-content\/uploads\/2020\/08\/lwow.jpg 1266w\" sizes=\"auto, (max-width: 1024px) 100vw, 1024px\" \/><\/a><\/figure>\n\n\n\n<p>Drugie wydanie jest uzupe\u0142nione o pewne fakty, a tak\u017ce dokumenty. Jest te\u017c dost\u0119pne w ksi\u0119garniach internetowych w postaci e-booka. <\/p>\n\n\n\n<div class=\"wp-block-image\"><figure class=\"alignleft size-large is-resized\"><a href=\"http:\/\/piekarska.com.pl\/wp-content\/uploads\/2021\/02\/marynarz300.jpg\"><img loading=\"lazy\" decoding=\"async\" src=\"http:\/\/piekarska.com.pl\/wp-content\/uploads\/2021\/02\/marynarz300-724x1024.jpg\" alt=\"\" class=\"wp-image-76534\" width=\"193\" height=\"273\" srcset=\"http:\/\/piekarska.com.pl\/wp-content\/uploads\/2021\/02\/marynarz300-724x1024.jpg 724w, http:\/\/piekarska.com.pl\/wp-content\/uploads\/2021\/02\/marynarz300-212x300.jpg 212w, http:\/\/piekarska.com.pl\/wp-content\/uploads\/2021\/02\/marynarz300-768x1086.jpg 768w, http:\/\/piekarska.com.pl\/wp-content\/uploads\/2021\/02\/marynarz300-1086x1536.jpg 1086w, http:\/\/piekarska.com.pl\/wp-content\/uploads\/2021\/02\/marynarz300-1448x2048.jpg 1448w, http:\/\/piekarska.com.pl\/wp-content\/uploads\/2021\/02\/marynarz300.jpg 1712w\" sizes=\"auto, (max-width: 193px) 100vw, 193px\" \/><\/a><\/figure><\/div>\n\n\n\n<p><strong>Tytu\u0142:&nbsp;<\/strong>Dziewi\u0119tnastoletni marynarz<br \/><strong>Autor:<\/strong>&nbsp;Piekarska Ma\u0142gorzata Karolina<br \/><strong>Numer ISBN:<\/strong>&nbsp;978-83-958682-7-6<br \/><strong>Kod kreskowy (EAN):<\/strong>&nbsp;9788395868276<br \/><strong>liczba stron:<\/strong>&nbsp;120<br \/><strong>Wydawnictwo:<\/strong>&nbsp;<a href=\"https:\/\/wydawnictwonautica.pl\/\" target=\"_blank\" rel=\"noreferrer noopener\">Nautica<\/a><br \/><strong>Format:<\/strong>&nbsp;14.5 x 20.5 cm<br \/><strong>Waga:<\/strong>&nbsp;230 g<br \/><strong>Rok wydania:<\/strong>&nbsp;2021<\/p>\n\n\n\n<blockquote class=\"wp-block-quote is-layout-flow wp-block-quote-is-layout-flow\"><p><\/p><p>Za jeden kubek ten<br \/>Kuj si\u0119 tu ca\u0142y dzie\u0144<br \/>O! Czarna kawo! Smak sw\u00f3j zmie\u0144!<\/p><\/blockquote>\n\n\n\n<p>\u015apiewali w latach dwudziestych ubieg\u0142ego wieku na melodi\u0119 \u201eBajadery\u201d Imre Kalmana kadeci Szko\u0142y Morskiej w Tczewie. Pierwszej pa\u0144stwowej szko\u0142y morskiej w odrodzonej Polsce, w 1930 roku przeniesionej do Gdyni.<br \/>W\u015br\u00f3d nich dziewi\u0119tnastoletni Zbyszek Piekarski. Inteligentny, dowcipny m\u0142ody cz\u0142owiek, obdarzony zmys\u0142em obserwacji rasowego reporta\u017cysty, marz\u0105cy o dalekich podr\u00f3\u017cach.<br \/>Niestety jego marzenia nie zostan\u0105 spe\u0142nione a m\u0142ode \u017cycie zako\u0144czy si\u0119 niespodziewanie.<br \/>Pozostan\u0105 listy pisane do rodziny. Zabawne, szczere, zadziwiaj\u0105ce przenikliwo\u015bci\u0105 i spostrzegawczo\u015bci\u0105 pisz\u0105cego.<br \/>Dzi\u0119ki nim poznajemy realia \u017cycia m\u0142odych marynarzy i tczewskiej szko\u0142y. \u015aledzimy losy polskiej rodziny, w czasach gdy para spodni kosztowa\u0142a 6 mln marek a zakup cyrkli powa\u017cnie obci\u0105\u017ca\u0142 jej bud\u017cet. Towarzyszymy kadetom w rejsie \u201eLwowa\u201d do Francji i spotykamy wybitne postaci marynarki \u2013 jak kpt. Konstanty Maciejewicz czy kpt. Mamert Stankiewicz.<br \/>Ma\u0142gorzata Karolina Piekarska zebra\u0142a w swojej ksi\u0105\u017cce listy Zbyszka (swojego stryjecznego dziadka), zdj\u0119cia z archiwum rodzinnego i rodzinne opowie\u015bci. Stworzy\u0142a w ten spos\u00f3b pe\u0142en emocji portret niezwyk\u0142y \u2013 dziewi\u0119tnastoletniego marynarza i czas\u00f3w w jakich przysz\u0142o mu \u017cy\u0107. Ksi\u0105\u017ck\u0119 od kt\u00f3rej nie spos\u00f3b si\u0119 oderwa\u0107.<br \/>Ma\u0142gorzata Karolina Piekarska stworzy\u0142a ksi\u0105\u017ck\u0119 niezwyk\u0142\u0105. Za pomoc\u0105 kompilacji list\u00f3w i dokument\u00f3w, opatrzonych wst\u0119pem, relacjami z rodzinnego archiwum pami\u0119ci i licznymi zdj\u0119ciami, rekonstruuje szkolne lata swojego stryjecznego dziadka Zbigniewa Piekarskiego, s\u0142uchacza Szko\u0142y Morskiej w Tczewie. W tle \u2013 historia tej\u017ce szko\u0142y, bogato ilustrowana archiwalnymi fotografiami. M\u0142ode \u017cycie \u015bwietnego epistolografa i jego marynarsk\u0105 karier\u0119 przerwa\u0142a tragiczna \u015bmier\u0107. Autorka stara si\u0119 wi\u0119c ocali\u0107 przynajmniej pami\u0119\u0107 o dziewi\u0119tnastoletnim marynarzu.<\/p>\n\n\n\n<figure class=\"wp-block-gallery columns-3 is-cropped wp-block-gallery-1 is-layout-flex wp-block-gallery-is-layout-flex\"><ul class=\"blocks-gallery-grid\"><li class=\"blocks-gallery-item\"><figure><a href=\"http:\/\/piekarska.com.pl\/wp-content\/uploads\/2021\/03\/IMG_0258-scaled.jpg\"><img loading=\"lazy\" decoding=\"async\" width=\"1024\" height=\"768\" src=\"http:\/\/piekarska.com.pl\/wp-content\/uploads\/2021\/03\/IMG_0258-1024x768.jpg\" alt=\"\" data-id=\"76577\" data-full-url=\"http:\/\/piekarska.com.pl\/wp-content\/uploads\/2021\/03\/IMG_0258-scaled.jpg\" data-link=\"http:\/\/piekarska.com.pl\/?attachment_id=76577\" class=\"wp-image-76577\" srcset=\"http:\/\/piekarska.com.pl\/wp-content\/uploads\/2021\/03\/IMG_0258-1024x768.jpg 1024w, http:\/\/piekarska.com.pl\/wp-content\/uploads\/2021\/03\/IMG_0258-300x225.jpg 300w, http:\/\/piekarska.com.pl\/wp-content\/uploads\/2021\/03\/IMG_0258-768x576.jpg 768w, http:\/\/piekarska.com.pl\/wp-content\/uploads\/2021\/03\/IMG_0258-1536x1152.jpg 1536w, http:\/\/piekarska.com.pl\/wp-content\/uploads\/2021\/03\/IMG_0258-2048x1536.jpg 2048w\" sizes=\"auto, (max-width: 1024px) 100vw, 1024px\" \/><\/a><\/figure><\/li><li class=\"blocks-gallery-item\"><figure><a href=\"http:\/\/piekarska.com.pl\/wp-content\/uploads\/2021\/03\/IMG_0265-scaled.jpg\"><img loading=\"lazy\" decoding=\"async\" width=\"1024\" height=\"768\" src=\"http:\/\/piekarska.com.pl\/wp-content\/uploads\/2021\/03\/IMG_0265-1024x768.jpg\" alt=\"\" data-id=\"76571\" data-full-url=\"http:\/\/piekarska.com.pl\/wp-content\/uploads\/2021\/03\/IMG_0265-scaled.jpg\" data-link=\"http:\/\/piekarska.com.pl\/?attachment_id=76571\" class=\"wp-image-76571\" srcset=\"http:\/\/piekarska.com.pl\/wp-content\/uploads\/2021\/03\/IMG_0265-1024x768.jpg 1024w, http:\/\/piekarska.com.pl\/wp-content\/uploads\/2021\/03\/IMG_0265-300x225.jpg 300w, http:\/\/piekarska.com.pl\/wp-content\/uploads\/2021\/03\/IMG_0265-768x576.jpg 768w, http:\/\/piekarska.com.pl\/wp-content\/uploads\/2021\/03\/IMG_0265-1536x1152.jpg 1536w, http:\/\/piekarska.com.pl\/wp-content\/uploads\/2021\/03\/IMG_0265-2048x1536.jpg 2048w\" sizes=\"auto, (max-width: 1024px) 100vw, 1024px\" \/><\/a><\/figure><\/li><li class=\"blocks-gallery-item\"><figure><a href=\"http:\/\/piekarska.com.pl\/wp-content\/uploads\/2021\/03\/IMG_0264-scaled.jpg\"><img loading=\"lazy\" decoding=\"async\" width=\"1024\" height=\"768\" src=\"http:\/\/piekarska.com.pl\/wp-content\/uploads\/2021\/03\/IMG_0264-1024x768.jpg\" alt=\"\" data-id=\"76570\" data-full-url=\"http:\/\/piekarska.com.pl\/wp-content\/uploads\/2021\/03\/IMG_0264-scaled.jpg\" data-link=\"http:\/\/piekarska.com.pl\/?attachment_id=76570\" class=\"wp-image-76570\" srcset=\"http:\/\/piekarska.com.pl\/wp-content\/uploads\/2021\/03\/IMG_0264-1024x768.jpg 1024w, http:\/\/piekarska.com.pl\/wp-content\/uploads\/2021\/03\/IMG_0264-300x225.jpg 300w, http:\/\/piekarska.com.pl\/wp-content\/uploads\/2021\/03\/IMG_0264-768x576.jpg 768w, http:\/\/piekarska.com.pl\/wp-content\/uploads\/2021\/03\/IMG_0264-1536x1152.jpg 1536w, http:\/\/piekarska.com.pl\/wp-content\/uploads\/2021\/03\/IMG_0264-2048x1536.jpg 2048w\" sizes=\"auto, (max-width: 1024px) 100vw, 1024px\" \/><\/a><\/figure><\/li><li class=\"blocks-gallery-item\"><figure><a href=\"http:\/\/piekarska.com.pl\/wp-content\/uploads\/2021\/03\/IMG_0262-scaled.jpg\"><img loading=\"lazy\" decoding=\"async\" width=\"768\" height=\"1024\" src=\"http:\/\/piekarska.com.pl\/wp-content\/uploads\/2021\/03\/IMG_0262-768x1024.jpg\" alt=\"\" data-id=\"76572\" data-full-url=\"http:\/\/piekarska.com.pl\/wp-content\/uploads\/2021\/03\/IMG_0262-scaled.jpg\" data-link=\"http:\/\/piekarska.com.pl\/?attachment_id=76572\" class=\"wp-image-76572\" srcset=\"http:\/\/piekarska.com.pl\/wp-content\/uploads\/2021\/03\/IMG_0262-768x1024.jpg 768w, http:\/\/piekarska.com.pl\/wp-content\/uploads\/2021\/03\/IMG_0262-225x300.jpg 225w, http:\/\/piekarska.com.pl\/wp-content\/uploads\/2021\/03\/IMG_0262-1152x1536.jpg 1152w, http:\/\/piekarska.com.pl\/wp-content\/uploads\/2021\/03\/IMG_0262-1536x2048.jpg 1536w, http:\/\/piekarska.com.pl\/wp-content\/uploads\/2021\/03\/IMG_0262-scaled.jpg 1920w\" sizes=\"auto, (max-width: 768px) 100vw, 768px\" \/><\/a><\/figure><\/li><\/ul><\/figure>\n","protected":false},"excerpt":{"rendered":"<p>Zar\u00f3wno w ksi\u0119garniach stacjonarnych jak i internetowych jest ju\u017c drugie wydanie mojej dokumentalnej ksi\u0105\u017cki pt. &#8222;Dziewi\u0119tnastoletni marynarz&#8221;. Ukaza\u0142o si\u0119 nak\u0142adem wydawnictwa Nautica, kt\u00f3re zaproponowa\u0142o drugie wydanie pod wp\u0142ywem projektu &#8222;Dziewi\u0119tnastoletni marynarz &#8211; online&#8222;. Drugie wydanie jest uzupe\u0142nione o pewne fakty, &hellip; <a href=\"http:\/\/piekarska.com.pl\/?p=76563\">Continue reading <span class=\"meta-nav\">&rarr;<\/span><\/a><\/p>\n","protected":false},"author":1,"featured_media":76578,"comment_status":"closed","ping_status":"open","sticky":false,"template":"","format":"standard","meta":{"_acf_changed":false,"footnotes":""},"categories":[188,6],"tags":[1128,1004,1127,1126],"class_list":["post-76563","post","type-post","status-publish","format-standard","has-post-thumbnail","hentry","category-ksiazka","category-nowosci","tag-dokument","tag-dziewietnastoletni-marynarz","tag-listy","tag-zbigniew-piekarski"],"acf":[],"_links":{"self":[{"href":"http:\/\/piekarska.com.pl\/index.php?rest_route=\/wp\/v2\/posts\/76563","targetHints":{"allow":["GET"]}}],"collection":[{"href":"http:\/\/piekarska.com.pl\/index.php?rest_route=\/wp\/v2\/posts"}],"about":[{"href":"http:\/\/piekarska.com.pl\/index.php?rest_route=\/wp\/v2\/types\/post"}],"author":[{"embeddable":true,"href":"http:\/\/piekarska.com.pl\/index.php?rest_route=\/wp\/v2\/users\/1"}],"replies":[{"embeddable":true,"href":"http:\/\/piekarska.com.pl\/index.php?rest_route=%2Fwp%2Fv2%2Fcomments&post=76563"}],"version-history":[{"count":5,"href":"http:\/\/piekarska.com.pl\/index.php?rest_route=\/wp\/v2\/posts\/76563\/revisions"}],"predecessor-version":[{"id":76579,"href":"http:\/\/piekarska.com.pl\/index.php?rest_route=\/wp\/v2\/posts\/76563\/revisions\/76579"}],"wp:featuredmedia":[{"embeddable":true,"href":"http:\/\/piekarska.com.pl\/index.php?rest_route=\/wp\/v2\/media\/76578"}],"wp:attachment":[{"href":"http:\/\/piekarska.com.pl\/index.php?rest_route=%2Fwp%2Fv2%2Fmedia&parent=76563"}],"wp:term":[{"taxonomy":"category","embeddable":true,"href":"http:\/\/piekarska.com.pl\/index.php?rest_route=%2Fwp%2Fv2%2Fcategories&post=76563"},{"taxonomy":"post_tag","embeddable":true,"href":"http:\/\/piekarska.com.pl\/index.php?rest_route=%2Fwp%2Fv2%2Ftags&post=76563"}],"curies":[{"name":"wp","href":"https:\/\/api.w.org\/{rel}","templated":true}]}}