{"id":76807,"date":"2022-06-11T10:33:10","date_gmt":"2022-06-11T08:33:10","guid":{"rendered":"http:\/\/piekarska.com.pl\/?p=76807"},"modified":"2022-08-07T08:20:34","modified_gmt":"2022-08-07T06:20:34","slug":"5-numer-magazynu-literackiego-ksiazki-juz-do-kupienia-6","status":"publish","type":"post","link":"http:\/\/piekarska.com.pl\/?p=76807","title":{"rendered":"5 numer Magazynu Literackiego \u201cKsi\u0105\u017cki\u201d ju\u017c do kupienia"},"content":{"rendered":"<div class=\"wp-block-image\">\n<figure class=\"alignleft size-full is-resized\"><a href=\"http:\/\/piekarska.com.pl\/wp-content\/uploads\/2022\/06\/okladka_mlk5.jpeg\"><img loading=\"lazy\" decoding=\"async\" src=\"http:\/\/piekarska.com.pl\/wp-content\/uploads\/2022\/06\/okladka_mlk5.jpeg\" alt=\"\" class=\"wp-image-76809\" width=\"264\" height=\"372\" srcset=\"http:\/\/piekarska.com.pl\/wp-content\/uploads\/2022\/06\/okladka_mlk5.jpeg 641w, http:\/\/piekarska.com.pl\/wp-content\/uploads\/2022\/06\/okladka_mlk5-213x300.jpeg 213w\" sizes=\"auto, (max-width: 264px) 100vw, 264px\" \/><\/a><\/figure>\n<\/div>\n\n\n<p><strong>Nowy Numer Magazynu Literackiego &#8222;Ksi\u0105\u017cki&#8221;, kt\u00f3rego jestem sta\u0142\u0105 felietonistk\u0105, ju\u017c w ksi\u0119garniach, a w \u015brodku m.in.:<\/strong><\/p>\n\n\n\n<p><strong>Podr\u00f3\u017ce kluczem do zrozumienia \u015bwiata<\/strong><br \/>Ide\u0105 Nagr\u00f3d Magellana przyznawanych przez \u201eMagazyn Literacki KSI\u0104\u017bKI\u201d jest wyr\u00f3\u017cnianie wydawc\u00f3w warto\u015bciowych ksi\u0105\u017cek turystycznych. To dzi\u0119ki ksi\u0105\u017ckom mo\u017cemy przenie\u015b\u0107 si\u0119 nawet na drugi koniec \u015bwiata, pozna\u0107 histori\u0119 ciekawych ludzi. Uhonorowane w tym roku publikacje dostarcz\u0105 czytelnikom wiele emocji, wiedzy o \u015bwicie, przyjemno\u015bci, przemy\u015ble\u0144 i mamy nadziej\u0119 rozbudz\u0105 g\u0142\u00f3d podr\u00f3\u017cy. Co doceniali\u015bmy u autor\u00f3w? Rzemios\u0142o, prawd\u0119, ale i unikatowy styl pisania, wra\u017cliwo\u015b\u0107 i bystre oko \u2013 podsumowanie 14. edycji konkursu na najlepsze publikacje turystyczne<\/p>\n\n\n\n<p><strong>Weso\u0142y facet o smutnym sercu<\/strong><br \/><em>\u2013 W pewnym momencie podczas pracy nad t\u0105 ksi\u0105\u017ck\u0105 mia\u0142em kryzys tw\u00f3rczy i ten kryzys charakteryzowa\u0142 si\u0119 mocnym, a nawet panicznym przekonaniem, \u017ce oto straci\u0142em umiej\u0119tno\u015b\u0107 pisania. Muzy mnie opu\u015bci\u0142y. Dla cz\u0142owieka, kt\u00f3ry uprawia zaw\u00f3d pisarza, taka perspektywa jest bardziej ni\u017c przera\u017caj\u0105ca. I wtedy przysz\u0142a mi do g\u0142owy paradoksalna my\u015bl, \u017ceby opowiedzie\u0107 histori\u0119 z perspektywy cz\u0142owieka, kt\u00f3ry nie umie pisa\u0107. Kogo\u015b, kto nigdy si\u0119 nie zetkn\u0105\u0142 z czynnym uprawianiem s\u0142owa pisanego, kogo\u015b, kto poza kilkoma listami do \u017cony i postem na Facebooku niczego nigdy nie napisa\u0142. Zacz\u0105\u0142em pisa\u0107 i zacz\u0105\u0142em \u201episa\u0107 tym facetem\u201d, i to by\u0142a kapitalna decyzja\u2026<\/em>&nbsp;\u2013 rozmowa z \u0141ukaszem Orbitowskim, autorem ksi\u0105\u017cki \u201eChod\u017a ze mn\u0105\u201d<\/p>\n\n\n\n<p><strong>Obszar zmilitaryzowany<\/strong><br \/><em>\u2013 Nie przypadkiem dyskutuje si\u0119 ca\u0142y czas o szczeg\u00f3lnej kaliningradzkiej&nbsp;<\/em><em>to\u017csamo\u015bci. Do\u015bwiadczenie \u017cycia w do\u015b\u0107 specyficznym historycznie,&nbsp;<\/em><em>a od 1991 tak\u017ce geograficznie miejscu sprawia, \u017ce mieszka\u0144cy&nbsp;<\/em><em>nie tylko miasta, ale i ca\u0142ego regionu postrzegaj\u0105 siebie jako&nbsp;<\/em><em>nieco innych Rosjan ni\u017c ich wsp\u00f3\u0142obywatele z pozosta\u0142ych region\u00f3w.&nbsp;<\/em><em>\u201eRdzenni\u201d mieszka\u0144cy maj\u0105 w\u015br\u00f3d przybyszy opini\u0119 snob\u00f3w. Po cz\u0119\u015bci&nbsp;<\/em><em>to prawda, po cz\u0119\u015bci to w\u0142a\u015bnie efekt tego, \u017ce \u201erdzenni\u201d s\u0105 bardzo&nbsp;<\/em><em>przywi\u0105zani do swojej ma\u0142ej ojczyzny i strzeg\u0105 jej z ca\u0142ych si\u0142<\/em>&nbsp;\u2013 rozmowa z Paulin\u0105 Siegie\u0144, autork\u0105 ksi\u0105\u017cki \u201eMiasto bajka\u201d<\/p>\n\n\n\n<p><strong>Pandemia, kryzys gospodarczy, wzrost cen papieru, wojna&nbsp;<\/strong><strong>w Ukrainie \u2013 nieprzewidywalne czasy dla ksi\u0105\u017cki\u2026<\/strong><br \/>Rok temu, w maju 2021, podczas przygotowywania obrazu polskiej sceny ksi\u0105\u017cki dla dzieci i m\u0142odzie\u017cy, bardzo bali\u015bmy si\u0119 pandemii, ale w \u015brodowisku wydawniczym panowa\u0142 duch optymizmu: polska gospodarka dawa\u0142a sobie rad\u0119 z koronawirusem, w cz\u0119\u015bci firm wydawniczych wska\u017aniki sprzeda\u017cy by\u0142y zaskakuj\u0105co pozytywne, imprezy online dawa\u0142y niez\u0142e rezultaty promocyjne, badania czytelnictwa Biblioteki Narodowej wykazuj\u0105ce wzrost odsetka Polak\u00f3w, kt\u00f3rzy si\u0119gn\u0119li po ksi\u0105\u017ck\u0119, kaza\u0142y wierzy\u0107, \u017ce wracamy do najlepszych zwyczaj\u00f3w lekturowych. Co nam zosta\u0142o z tego optymizmu? \u2013 rynek ksi\u0105\u017cki dla dzieci i m\u0142odzie\u017cy okiem Micha\u0142a Zaj\u0105ca<\/p>\n\n\n\n<p><strong>Proponujemy tak\u017ce<\/strong><\/p>\n\n\n\n<ul class=\"wp-block-list\"><li>WYDARZENIA Nagrody literackie, imprezy bran\u017cowe, konkursy<\/li><li>Z\u0141AMANO JU\u017b TYLE SERC Bestsellery maja<\/li><li>FERMA PODROB\u00d3W Felieton Grzegorza Sowuli<\/li><li>PISARZ W BIBLIOTECE, CZYLI POMI\u0118DZY DOMEM A NATCHNIENIEM<br \/>Felieton Ma\u0142gorzaty Karoliny Piekarskiej<\/li><li>Z\u0141OTOUSTY Felieton Tomasza Zb. Zaperta<\/li><li>O TRADYCJI, CZANG KAI SZEKU I TRUSKAWCE Felieton Tadeusza Lewandowskiego<\/li><li>KO\u0141A HISTORII Rozmowa z El\u017cbiet\u0105 Ab\u0142amowicz, autork\u0105 ksi\u0105\u017cki \u201eC\u00f3rka naje\u017ad\u017acy\u201d<\/li><li>MARIA KULIK POLECA \u201eEchowa G\u00f3ra\u201d Lauren Wolk<\/li><li>ALBERT ALBERTSON \u2013 WIECZNIE M\u0141ODY PI\u0118\u0106DZIESI\u0118CIOLATEK Kultowa seria<br \/>Gunilli Bergstr\u00f6m<\/li><li>NAGRODY Ksi\u0105\u017cki dla dzieci i m\u0142odzie\u017cy<\/li><li>RECENZJE Propozycje dla najm\u0142odszych czytelnik\u00f3w<\/li><li>KSI\u0104\u017bKI MIESI\u0104CA Nasze szczeg\u00f3lne rekomendacje<\/li><li>RECENZJE NOWO\u015aCI WYDAWNICZYCH<\/li><\/ul>\n\n\n\n<p>Nowy numer dost\u0119pny jest te\u017c w sklepie: <a href=\"https:\/\/rynek-ksiazki.pl\/sklep\/magazyn-literacki-ksiazki-5-2022-wersja-pdf\/\" target=\"_blank\" rel=\"noreferrer noopener\">https:\/\/rynek-ksiazki.pl\/sklep\/magazyn-literacki-ksiazki-5-2022-wersja-pdf\/<\/a><\/p>\n","protected":false},"excerpt":{"rendered":"<p>Nowy Numer Magazynu Literackiego &#8222;Ksi\u0105\u017cki&#8221;, kt\u00f3rego jestem sta\u0142\u0105 felietonistk\u0105, ju\u017c w ksi\u0119garniach, a w \u015brodku m.in.: Podr\u00f3\u017ce kluczem do zrozumienia \u015bwiataIde\u0105 Nagr\u00f3d Magellana przyznawanych przez \u201eMagazyn Literacki KSI\u0104\u017bKI\u201d jest wyr\u00f3\u017cnianie wydawc\u00f3w warto\u015bciowych ksi\u0105\u017cek turystycznych. To dzi\u0119ki ksi\u0105\u017ckom mo\u017cemy przenie\u015b\u0107 si\u0119 &hellip; <a href=\"http:\/\/piekarska.com.pl\/?p=76807\">Continue reading <span class=\"meta-nav\">&rarr;<\/span><\/a><\/p>\n","protected":false},"author":1,"featured_media":76809,"comment_status":"closed","ping_status":"open","sticky":false,"template":"","format":"standard","meta":{"_acf_changed":false,"footnotes":""},"categories":[1157,6],"tags":[122],"class_list":["post-76807","post","type-post","status-publish","format-standard","has-post-thumbnail","hentry","category-felieton","category-nowosci","tag-magazyn-literacki-ksiazki"],"acf":[],"_links":{"self":[{"href":"http:\/\/piekarska.com.pl\/index.php?rest_route=\/wp\/v2\/posts\/76807","targetHints":{"allow":["GET"]}}],"collection":[{"href":"http:\/\/piekarska.com.pl\/index.php?rest_route=\/wp\/v2\/posts"}],"about":[{"href":"http:\/\/piekarska.com.pl\/index.php?rest_route=\/wp\/v2\/types\/post"}],"author":[{"embeddable":true,"href":"http:\/\/piekarska.com.pl\/index.php?rest_route=\/wp\/v2\/users\/1"}],"replies":[{"embeddable":true,"href":"http:\/\/piekarska.com.pl\/index.php?rest_route=%2Fwp%2Fv2%2Fcomments&post=76807"}],"version-history":[{"count":1,"href":"http:\/\/piekarska.com.pl\/index.php?rest_route=\/wp\/v2\/posts\/76807\/revisions"}],"predecessor-version":[{"id":76810,"href":"http:\/\/piekarska.com.pl\/index.php?rest_route=\/wp\/v2\/posts\/76807\/revisions\/76810"}],"wp:featuredmedia":[{"embeddable":true,"href":"http:\/\/piekarska.com.pl\/index.php?rest_route=\/wp\/v2\/media\/76809"}],"wp:attachment":[{"href":"http:\/\/piekarska.com.pl\/index.php?rest_route=%2Fwp%2Fv2%2Fmedia&parent=76807"}],"wp:term":[{"taxonomy":"category","embeddable":true,"href":"http:\/\/piekarska.com.pl\/index.php?rest_route=%2Fwp%2Fv2%2Fcategories&post=76807"},{"taxonomy":"post_tag","embeddable":true,"href":"http:\/\/piekarska.com.pl\/index.php?rest_route=%2Fwp%2Fv2%2Ftags&post=76807"}],"curies":[{"name":"wp","href":"https:\/\/api.w.org\/{rel}","templated":true}]}}