{"id":76824,"date":"2022-06-18T11:25:02","date_gmt":"2022-06-18T09:25:02","guid":{"rendered":"http:\/\/piekarska.com.pl\/?p=76824"},"modified":"2022-06-18T11:27:09","modified_gmt":"2022-06-18T09:27:09","slug":"imieniny-jana-kochanowskiego-2","status":"publish","type":"post","link":"http:\/\/piekarska.com.pl\/?p=76824","title":{"rendered":"Imieniny Jana Kochanowskiego"},"content":{"rendered":"<div class=\"wp-block-image is-style-default\">\n<figure class=\"alignleft size-full is-resized\"><a href=\"http:\/\/piekarska.com.pl\/wp-content\/uploads\/2022\/06\/16553949481024_1.jpg\"><img loading=\"lazy\" decoding=\"async\" src=\"http:\/\/piekarska.com.pl\/wp-content\/uploads\/2022\/06\/16553949481024_1.jpg\" alt=\"\" class=\"wp-image-76820\" width=\"295\" height=\"512\" srcset=\"http:\/\/piekarska.com.pl\/wp-content\/uploads\/2022\/06\/16553949481024_1.jpg 590w, http:\/\/piekarska.com.pl\/wp-content\/uploads\/2022\/06\/16553949481024_1-173x300.jpg 173w\" sizes=\"auto, (max-width: 295px) 100vw, 295px\" \/><\/a><\/figure>\n<\/div>\n\n\n<p><strong>W najbli\u017csz\u0105 sobot\u0119 b\u0119dzie mo\u017cna spotka\u0107 si\u0119 ze mn\u0105 na Imieninach Jana Kochanowskiego. Stoisko 36 (Stowarzyszenia Pisarzy Polskich) o g. 16:00. <\/strong><\/p>\n\n\n\n<p>Imieniny Jana Kochanowskiego to literacki piknik, kt\u00f3ry odbywa si\u0119 w\u00a0Ogrodzie Krasi\u0144skich oraz s\u0105siaduj\u0105cym z\u00a0nim Pa\u0142acu Rzeczypospolitej. Po raz pierwszy zosta\u0142 zorganizowany przez Bibliotek\u0119 Narodow\u0105 w\u00a02012 roku, przede wszystkim w\u00a0reakcji na utrzymuj\u0105cy si\u0119 z\u00a0roku na rok niski poziom czytelnictwa, ale r\u00f3wnie\u017c w\u00a0celu podkre\u015blenia, jak istotna dla krajowej produkcji wydawniczej jest polska literatura.<\/p>\n\n\n\n<p>Od tego czasu odby\u0142o si\u0119 ju\u017c dziewi\u0119\u0107 edycji wydarzenia, ka\u017cda po\u015bwi\u0119cona innej postaci \u2013 m.in. Julianowi Tuwimowi, Zbigniewowi Herbertowi, Franciszce i\u00a0Stefanowi Themmersonom, Josephowi Conradowi, Tadeuszowi Boyowi-\u017bele\u0144skiemu czy Krzysztofowi Kamilowi Baczy\u0144skiemu, Leopoldowi Tyrmandowi (kt\u00f3rych Jan Kochanowski w\u00a0ten symboliczny spos\u00f3b zaprosi\u0142 na swoje imieniny). Tegoroczna edycja odb\u0119dzie si\u0119 25 czerwca, a\u00a0jej bohaterk\u0105 b\u0119dzie Maria Konopnicka.<\/p>\n\n\n\n<p>Program Imienin to szereg wydarze\u0144 z&nbsp;udzia\u0142em najciekawszych uczestnik\u00f3w i&nbsp;najwnikliwszych obserwator\u00f3w polskiego \u017cycia literackiego \u2013 pisarzy, poet\u00f3w, ilustrator\u00f3w, literaturoznawc\u00f3w, dziennikarzy i&nbsp;aktor\u00f3w. Przez ca\u0142y dzie\u0144 na rozmieszczonych w&nbsp;Ogrodzie Krasi\u0144skich scenach odbywaj\u0105 si\u0119 nie tylko spotkania i&nbsp;panele dyskusyjne, ale r\u00f3wnie\u017c koncerty, spektakle i&nbsp;warsztaty, nadaj\u0105ce wydarzeniu interdyscyplinarny charakter. Swojego rodzaju tradycj\u0105 sta\u0142o si\u0119 ju\u017c wykonanie Pie\u015bni \u015bwi\u0119toja\u0144skiej o&nbsp;Sob\u00f3tce (kt\u00f3rego podj\u0119li si\u0119 m.in. Ania Rusowicz, Tomasz Sta\u0144ko, Stanis\u0142awa Celi\u0144ska czy zesp\u00f3\u0142 Mikromusic) oraz przyci\u0105gaj\u0105cy rzesze warszawiak\u00f3w Mecz poetycki, podczas kt\u00f3rego popularni aktorzy rywalizuj\u0105 na interpretacje wierszy.<\/p>\n\n\n\n<p>Z roku na rok poszerzany jest r\u00f3wnie\u017c program dla dzieci, podczas zesz\u0142orocznej edycji otworzony koncertem zespo\u0142u Jerz Igor. Imieniny Jana Kochanowskiego to dla najm\u0142odszych czytelnik\u00f3w okazja, \u017ceby wzi\u0105\u0107 udzia\u0142 w&nbsp;warsztatach przygotowanych przez ulubionych autor\u00f3w, obejrze\u0107 Wieczorynk\u0119 (czyli premierowy spektakl w&nbsp;niezwyk\u0142ym wn\u0119trzu Pa\u0142acu Rzeczypospolitej) czy sp\u0119dzi\u0107 czas na tw\u00f3rczych aktywno\u015bciach przygotowanych przez polskich artyst\u00f3w wizualnych.<\/p>\n\n\n\n<p>&#8230;a to wszystko w\u00a0cieniu drzew jednego z\u00a0najpi\u0119kniejszych park\u00f3w Warszawy, po\u015br\u00f3d plenerowych kawiarni i\u00a0stoisk najciekawszych polskich wydawnictw, kt\u00f3re tego dnia oferuj\u0105 ksi\u0105\u017cki w\u00a0\u201eimieninowych\u201d cenach.<\/p>\n\n\n\n<p>Wi\u0119cej szczeg\u00f3\u0142\u00f3w na stronie organizatora: <a href=\"https:\/\/www.bn.org.pl\/projekty\/imieniny-jana-kochanowskiego\" target=\"_blank\" rel=\"noreferrer noopener\">https:\/\/www.bn.org.pl\/projekty\/imieniny-jana-kochanowskiego<\/a><\/p>\n","protected":false},"excerpt":{"rendered":"<p>W najbli\u017csz\u0105 sobot\u0119 b\u0119dzie mo\u017cna spotka\u0107 si\u0119 ze mn\u0105 na Imieninach Jana Kochanowskiego. Stoisko 36 (Stowarzyszenia Pisarzy Polskich) o g. 16:00. Imieniny Jana Kochanowskiego to literacki piknik, kt\u00f3ry odbywa si\u0119 w\u00a0Ogrodzie Krasi\u0144skich oraz s\u0105siaduj\u0105cym z\u00a0nim Pa\u0142acu Rzeczypospolitej. Po raz pierwszy &hellip; <a href=\"http:\/\/piekarska.com.pl\/?p=76824\">Continue reading <span class=\"meta-nav\">&rarr;<\/span><\/a><\/p>\n","protected":false},"author":1,"featured_media":76820,"comment_status":"closed","ping_status":"open","sticky":false,"template":"","format":"standard","meta":{"_acf_changed":false,"footnotes":""},"categories":[5],"tags":[789,168],"class_list":["post-76824","post","type-post","status-publish","format-standard","has-post-thumbnail","hentry","category-spotkania","tag-imieniny-jana-kochanowskiego","tag-stowarzyszenie-pisarzy-polskich"],"acf":[],"_links":{"self":[{"href":"http:\/\/piekarska.com.pl\/index.php?rest_route=\/wp\/v2\/posts\/76824","targetHints":{"allow":["GET"]}}],"collection":[{"href":"http:\/\/piekarska.com.pl\/index.php?rest_route=\/wp\/v2\/posts"}],"about":[{"href":"http:\/\/piekarska.com.pl\/index.php?rest_route=\/wp\/v2\/types\/post"}],"author":[{"embeddable":true,"href":"http:\/\/piekarska.com.pl\/index.php?rest_route=\/wp\/v2\/users\/1"}],"replies":[{"embeddable":true,"href":"http:\/\/piekarska.com.pl\/index.php?rest_route=%2Fwp%2Fv2%2Fcomments&post=76824"}],"version-history":[{"count":4,"href":"http:\/\/piekarska.com.pl\/index.php?rest_route=\/wp\/v2\/posts\/76824\/revisions"}],"predecessor-version":[{"id":76829,"href":"http:\/\/piekarska.com.pl\/index.php?rest_route=\/wp\/v2\/posts\/76824\/revisions\/76829"}],"wp:featuredmedia":[{"embeddable":true,"href":"http:\/\/piekarska.com.pl\/index.php?rest_route=\/wp\/v2\/media\/76820"}],"wp:attachment":[{"href":"http:\/\/piekarska.com.pl\/index.php?rest_route=%2Fwp%2Fv2%2Fmedia&parent=76824"}],"wp:term":[{"taxonomy":"category","embeddable":true,"href":"http:\/\/piekarska.com.pl\/index.php?rest_route=%2Fwp%2Fv2%2Fcategories&post=76824"},{"taxonomy":"post_tag","embeddable":true,"href":"http:\/\/piekarska.com.pl\/index.php?rest_route=%2Fwp%2Fv2%2Ftags&post=76824"}],"curies":[{"name":"wp","href":"https:\/\/api.w.org\/{rel}","templated":true}]}}