{"id":76912,"date":"2022-10-01T08:00:00","date_gmt":"2022-10-01T06:00:00","guid":{"rendered":"http:\/\/piekarska.com.pl\/?p=76912"},"modified":"2022-10-26T09:07:30","modified_gmt":"2022-10-26T07:07:30","slug":"xxii-dialog-dwoch-kultur-2022","status":"publish","type":"post","link":"http:\/\/piekarska.com.pl\/?p=76912","title":{"rendered":"XXII Dialog Dw\u00f3ch Kultur 2022"},"content":{"rendered":"<div class=\"wp-block-image\">\n<figure class=\"alignleft size-large is-resized\"><a href=\"http:\/\/piekarska.com.pl\/wp-content\/uploads\/2022\/10\/dialog-dwoch-kultur-fb-relacja.jpg\"><img loading=\"lazy\" decoding=\"async\" src=\"http:\/\/piekarska.com.pl\/wp-content\/uploads\/2022\/10\/dialog-dwoch-kultur-fb-relacja-576x1024.jpg\" alt=\"\" class=\"wp-image-76914\" width=\"238\" height=\"423\" srcset=\"http:\/\/piekarska.com.pl\/wp-content\/uploads\/2022\/10\/dialog-dwoch-kultur-fb-relacja-576x1024.jpg 576w, http:\/\/piekarska.com.pl\/wp-content\/uploads\/2022\/10\/dialog-dwoch-kultur-fb-relacja-169x300.jpg 169w, http:\/\/piekarska.com.pl\/wp-content\/uploads\/2022\/10\/dialog-dwoch-kultur-fb-relacja-768x1365.jpg 768w, http:\/\/piekarska.com.pl\/wp-content\/uploads\/2022\/10\/dialog-dwoch-kultur-fb-relacja-864x1536.jpg 864w, http:\/\/piekarska.com.pl\/wp-content\/uploads\/2022\/10\/dialog-dwoch-kultur-fb-relacja.jpg 900w\" sizes=\"auto, (max-width: 238px) 100vw, 238px\" \/><\/a><\/figure>\n<\/div>\n\n\n<p>Ju\u017c po raz dwudziesty drugi odb\u0119dzie si\u0119 Dialog Dw\u00f3ch Kultur, doroczne spotkania polskich i ukrai\u0144skich pisarzy, badaczy literatury, historyk\u00f3w, historyk\u00f3w sztuki i muzealnik\u00f3w, uzupe\u0142nione wyst\u0119pami artyst\u00f3w. Spotkania maj\u0105 na celu budowania porozumienia mi\u0119dzy oboma narodami, wzajemnemu poznaniu si\u0119, poszerzeniu wiedzy o wsp\u00f3lnym, bogatym dziedzictwie kultury i nauki.<\/p>\n\n\n\n<p><strong>11 \u2013 14 pa\u017adziernika 2022 r.<\/strong><br \/><strong>Dom Literatury w Warszawie, ul. Krakowskie Przedmie\u015bcie 87\/89 <\/strong><br \/><strong>oraz <\/strong><br \/><strong>Muzeum J\u00f3zefa Pi\u0142sudskiego w Sulej\u00f3wku, Sala Paderewskiego<\/strong><\/p>\n\n\n\n<p><a href=\"https:\/\/muzeumpilsudski.pl\/wp-content\/uploads\/2022\/10\/XXII-DDK-program.pdf\" data-type=\"URL\" data-id=\"https:\/\/muzeumpilsudski.pl\/wp-content\/uploads\/2022\/10\/XXII-DDK-program.pdf\" target=\"_blank\" rel=\"noreferrer noopener\">Dok\u0142adny program do pobrania<\/a><\/p>\n\n\n\n<p><strong>M\u00f3j odczyt pt. &#8222;Henryk J\u00f3zewski. Wojewoda wo\u0142y\u0144ski \u2013 artysta&#8221; <\/strong><br \/><strong>14 pa\u017adziernika, g.  15.15-15.30.<\/strong><br \/><strong>Muzeum J\u00f3zefa Pi\u0142sudskiego w Sulej\u00f3wku, Sala Paderewskiego<\/strong><\/p>\n\n\n\n<p> \u2013 mgr Ma\u0142gorzata K. Piekarska (Muzeum Niepodleg\u0142o\u015bci w Warszawie), <\/p>\n\n\n\n<p>Pierwsza cz\u0119\u015b\u0107 tegorocznego Dialogu Dw\u00f3ch Kultur odby\u0142a si\u0119 4-7 wrze\u015bnia w Muzeum Juliusza S\u0142owackiego w Krzemie\u0144cu. Z powodu wojny tylko z udzia\u0142em strony ukrai\u0144skiej. W Polsce spotkania odb\u0119d\u0105 si\u0119 11 \u2013 14 pa\u017adziernika Warszawie w Domu Literatury i w Muzeum J\u00f3zefa Pi\u0142sudskiego w Sulej\u00f3wku. Z\u0142o\u017c\u0105 si\u0119 na nie sesje naukowe po\u015bwi\u0119cone dwusetleciu romantyzmu, dziejom walki o wolno\u015b\u0107 Ukrainy i Polski oraz ochronie dziedzictwa kulturowego w czasie wojny. W Sulej\u00f3wku w Muzeum J\u00f3zefa Pi\u0142sudskiego zostanie zaprezentowana wystawa \u201eTrwoga\u201d Ostapa \u0141ozi\u0144skiego. W Domu Literatury odb\u0119dzie si\u0119 Biesiada Literacka, na kt\u00f3r\u0105 z\u0142o\u017c\u0105 si\u0119 prezentacje ksi\u0105\u017cek i utwor\u00f3w w\u0142asnych pisarzy polskich i ukrai\u0144skich. Niezwykle wa\u017cnym wydarzeniem b\u0119dzie wiecz\u00f3r poetycki \u201eWiersze dla wolnej Ukrainy\u201d na placu Zamkowym w Warszawie.<\/p>\n\n\n\n<figure class=\"wp-block-image size-large\"><a href=\"http:\/\/piekarska.com.pl\/wp-content\/uploads\/2022\/10\/dialog-dwoch-kultur-plansza-na-ekran-1.png\"><img loading=\"lazy\" decoding=\"async\" width=\"1024\" height=\"576\" src=\"http:\/\/piekarska.com.pl\/wp-content\/uploads\/2022\/10\/dialog-dwoch-kultur-plansza-na-ekran-1-1024x576.png\" alt=\"\" class=\"wp-image-76918\" srcset=\"http:\/\/piekarska.com.pl\/wp-content\/uploads\/2022\/10\/dialog-dwoch-kultur-plansza-na-ekran-1-1024x576.png 1024w, http:\/\/piekarska.com.pl\/wp-content\/uploads\/2022\/10\/dialog-dwoch-kultur-plansza-na-ekran-1-300x169.png 300w, http:\/\/piekarska.com.pl\/wp-content\/uploads\/2022\/10\/dialog-dwoch-kultur-plansza-na-ekran-1-768x432.png 768w, http:\/\/piekarska.com.pl\/wp-content\/uploads\/2022\/10\/dialog-dwoch-kultur-plansza-na-ekran-1-1536x864.png 1536w, http:\/\/piekarska.com.pl\/wp-content\/uploads\/2022\/10\/dialog-dwoch-kultur-plansza-na-ekran-1.png 1920w\" sizes=\"auto, (max-width: 1024px) 100vw, 1024px\" \/><\/a><\/figure>\n\n\n\n<p>Dialog Dw\u00f3ch Kultur nale\u017cy dzi\u015b do najwa\u017cniejszych interdyscyplinarnych imprez organizowanych wsp\u00f3lnie przez Polak\u00f3w i Ukrai\u0144c\u00f3w. Na spotkaniach pos\u0142ucha\u0107 mo\u017cna wyk\u0142ad\u00f3w z zakresu historii, przedstawiaj\u0105cych trudne losy i d\u0105\u017cenia wolno\u015bciowe obu narod\u00f3w.&nbsp;Ka\u017cdego roku w spotkaniach, zainicjowanych w latach 90. przez muzealnika i pisarza Mariusza Olbromskiego, po obu stronach granic, bierze udzia\u0142 setki os\u00f3b. Na terenie Ukrainy sta\u0142ym miejscem spotka\u0144 jest miasto Krzemieniec i Muzeum Juliusza S\u0142owackiego. Spotkania Dialogu odby\u0142y si\u0119 tak\u017ce m.in. w Drohobyczu, Lwowie, \u017burawnie, Nahujowicach i w Stryju. W Polsce, opr\u00f3cz Warszawy, tak\u017ce w Przemy\u015blu, Bolestraszycach, w Podkowie Le\u015bnej w Stawisku. Trwa\u0142ym osi\u0105gni\u0119ciem Dialogu Dw\u00f3ch Kultur jest rocznik ukazuj\u0105cy si\u0119 po polsku i ukrai\u0144sku.<\/p>\n\n\n\n<p>G\u0142\u00f3wnym pomys\u0142odawc\u0105 Dialogu Dw\u00f3ch Kultur jest Mariusz Olbromski, literat, dzia\u0142acz kulturalny, kt\u00f3ry od wielu lat podejmuje inicjatywy w zakresie popularyzacji dziedzictwa kulturowego dawnych Kres\u00f3w Rzeczypospolitej, a tak\u017ce budowania porozumienia mi\u0119dzy oboma narodami. Anga\u017cowa\u0142 si\u0119 w utworzenie muze\u00f3w literackich: Juliusza S\u0142owackiego w Krzemie\u0144cu, J\u00f3zefa Conrada-Korzeniowskiego w Berdyczowie, Aleksandra Fredry w Rudkach, a ostatnio podj\u0105\u0142 inicjatyw\u0119 powo\u0142ania Muzeum Miko\u0142aja Reja w \u017burawnie nad Dniestrem. Za dzia\u0142alno\u015b\u0107 kulturotw\u00f3rcz\u0105 uhonorowany zosta\u0142 kilkunastoma odznaczeniami, w tym srebrnym Medalem Zas\u0142u\u017cony Kulturze \u201eGloria Artis\u201d.<\/p>\n","protected":false},"excerpt":{"rendered":"<p>Ju\u017c po raz dwudziesty drugi odb\u0119dzie si\u0119 Dialog Dw\u00f3ch Kultur, doroczne spotkania polskich i ukrai\u0144skich pisarzy, badaczy literatury, historyk\u00f3w, historyk\u00f3w sztuki i muzealnik\u00f3w, uzupe\u0142nione wyst\u0119pami artyst\u00f3w. Spotkania maj\u0105 na celu budowania porozumienia mi\u0119dzy oboma narodami, wzajemnemu poznaniu si\u0119, poszerzeniu wiedzy &hellip; <a href=\"http:\/\/piekarska.com.pl\/?p=76912\">Continue reading <span class=\"meta-nav\">&rarr;<\/span><\/a><\/p>\n","protected":false},"author":1,"featured_media":76914,"comment_status":"closed","ping_status":"open","sticky":false,"template":"","format":"standard","meta":{"_acf_changed":false,"footnotes":""},"categories":[5],"tags":[926,1159,1160,1161,168],"class_list":["post-76912","post","type-post","status-publish","format-standard","has-post-thumbnail","hentry","category-spotkania","tag-dialog-dwoch-kultur","tag-konferencja","tag-muzeum-jozefa-pilsudskiego","tag-muzeum-juliusza-slowackiego","tag-stowarzyszenie-pisarzy-polskich"],"acf":[],"_links":{"self":[{"href":"http:\/\/piekarska.com.pl\/index.php?rest_route=\/wp\/v2\/posts\/76912","targetHints":{"allow":["GET"]}}],"collection":[{"href":"http:\/\/piekarska.com.pl\/index.php?rest_route=\/wp\/v2\/posts"}],"about":[{"href":"http:\/\/piekarska.com.pl\/index.php?rest_route=\/wp\/v2\/types\/post"}],"author":[{"embeddable":true,"href":"http:\/\/piekarska.com.pl\/index.php?rest_route=\/wp\/v2\/users\/1"}],"replies":[{"embeddable":true,"href":"http:\/\/piekarska.com.pl\/index.php?rest_route=%2Fwp%2Fv2%2Fcomments&post=76912"}],"version-history":[{"count":4,"href":"http:\/\/piekarska.com.pl\/index.php?rest_route=\/wp\/v2\/posts\/76912\/revisions"}],"predecessor-version":[{"id":76919,"href":"http:\/\/piekarska.com.pl\/index.php?rest_route=\/wp\/v2\/posts\/76912\/revisions\/76919"}],"wp:featuredmedia":[{"embeddable":true,"href":"http:\/\/piekarska.com.pl\/index.php?rest_route=\/wp\/v2\/media\/76914"}],"wp:attachment":[{"href":"http:\/\/piekarska.com.pl\/index.php?rest_route=%2Fwp%2Fv2%2Fmedia&parent=76912"}],"wp:term":[{"taxonomy":"category","embeddable":true,"href":"http:\/\/piekarska.com.pl\/index.php?rest_route=%2Fwp%2Fv2%2Fcategories&post=76912"},{"taxonomy":"post_tag","embeddable":true,"href":"http:\/\/piekarska.com.pl\/index.php?rest_route=%2Fwp%2Fv2%2Ftags&post=76912"}],"curies":[{"name":"wp","href":"https:\/\/api.w.org\/{rel}","templated":true}]}}