{"id":76955,"date":"2022-12-28T07:50:14","date_gmt":"2022-12-28T06:50:14","guid":{"rendered":"http:\/\/piekarska.com.pl\/?p=76955"},"modified":"2023-01-10T08:42:27","modified_gmt":"2023-01-10T07:42:27","slug":"powstanie-styczniowe","status":"publish","type":"post","link":"http:\/\/piekarska.com.pl\/?p=76955","title":{"rendered":"Powstanie Styczniowe"},"content":{"rendered":"<div class=\"wp-block-image\">\n<figure class=\"alignleft size-full is-resized\"><a href=\"http:\/\/piekarska.com.pl\/wp-content\/uploads\/2023\/01\/powstanie-styczniowe-okladka.png\"><img loading=\"lazy\" decoding=\"async\" src=\"http:\/\/piekarska.com.pl\/wp-content\/uploads\/2023\/01\/powstanie-styczniowe-okladka.png\" alt=\"\" class=\"wp-image-76956\" width=\"288\" height=\"405\" srcset=\"http:\/\/piekarska.com.pl\/wp-content\/uploads\/2023\/01\/powstanie-styczniowe-okladka.png 701w, http:\/\/piekarska.com.pl\/wp-content\/uploads\/2023\/01\/powstanie-styczniowe-okladka-214x300.png 214w\" sizes=\"auto, (max-width: 288px) 100vw, 288px\" \/><\/a><\/figure>\n<\/div>\n\n\n<p>Ukaza\u0142y si\u0119 w\u0142a\u015bnie materia\u0142y pokonferencyjne z ubieg\u0142orocznej konferencji naukowej po\u015bwi\u0119conej Powstaniu Styczniowemu, a zatytu\u0142owanej: <strong><em>Powstanie Styczniowe. Kraj i Litwa pogr\u0105\u017cy\u0142y si\u0119 w \u017ca\u0142obie narodowej<\/em>.<\/strong><\/p>\n\n\n\n<p>W\u015br\u00f3d nich m\u00f3j artyku\u0142 pt. <em>Arty\u015bci \u2013 uczestnicy Powstania Styczniowego i ich prace oraz zwi\u0105zane z nimi przedmioty w zbiorach Muzeum Niepodleg\u0142o\u015bci. Wybrane przyk\u0142ady.<\/em><\/p>\n\n\n\n<p>Redakcja zapowiada wydawnictwo nast\u0119puj\u0105cymi s\u0142owami:<\/p>\n\n\n\n<blockquote class=\"wp-block-quote is-layout-flow wp-block-quote-is-layout-flow\">\n<p><em>Powstanie Styczniowe. Kraj i Litwa pogr\u0105\u017cy\u0142y si\u0119 w \u017ca\u0142obie narodowej<\/em>, to publikacja pod redakcj\u0105 dr Beaty Michalec i dr Tadeusza Skoczka. Niniejsza monografia jest pok\u0142osiem Mi\u0119dzynarodowej Interdyscyplinarnej Konferencji Naukowej pt.\u00a0<em>Powstanie Styczniowe. Kraj i Litwa pogr\u0105\u017cy\u0142y si\u0119 w \u017ca\u0142obie narodowej<\/em>, kt\u00f3ra odby\u0142 si\u0119 27 stycznia 2022 roku w g\u0142\u00f3wnej siedzibie Muzeum Niepodleg\u0142o\u015bci w Warszawie, w Pa\u0142acu Przebendowskich\/Radziwi\u0142\u0142\u00f3w. Podczas konferencji, prelegenci przedstawili aktualny stan bada\u0144 naukowych z r\u00f3\u017cnych dziedzin m.in. historii, historii wojskowo\u015bci, historii sztuki, varsawianistyki. Publikacja jest prac\u0105 zbiorow\u0105, w kt\u00f3rej uwzgl\u0119dniono kilkana\u015bcie artyku\u0142\u00f3w naukowych, wyg\u0142oszonych podczas konferencji naukowej. Serdecznie zapraszamy Czytelnik\u00f3w do zapoznania si\u0119 z tre\u015bci\u0105 \u00a0omawianej ksi\u0105\u017cki po\u015bwi\u0119conej tematyce Powstania Styczniowego. \u00a0Monografia zosta\u0142a wydana w ramach projektu \u201eCztery powstania jedna Niepodleg\u0142o\u015b\u0107\u201d, kt\u00f3ry zosta\u0142 sfinansowany ze \u015brodk\u00f3w Samorz\u0105du Wojew\u00f3dztwa Mazowieckiego.<\/p>\n<\/blockquote>\n\n\n\n<p>Publikacj\u0119 w formacie PDF mo\u017cna bezp\u0142atnie pobra\u0107 tutaj: <a rel=\"noreferrer noopener\" href=\"https:\/\/muzeum-niepodleglosci.pl\/wp-content\/uploads\/2022\/12\/Powstanie-styczniowe-Internet-1.pdf\" target=\"_blank\">https:\/\/muzeum-niepodleglosci.pl\/wp-content\/uploads\/2022\/12\/Powstanie-styczniowe-Internet-1.pdf<\/a> <\/p>\n\n\n\n<p>A dla tych, kt\u00f3rzy wol\u0105 tradycyjny kontakt z tekstem informacja, \u017ce papierowe egzemplarze kupi\u0107 w <a rel=\"noreferrer noopener\" href=\"https:\/\/ksiegarnia.muzeum-niepodleglosci.pl\/pl\/p\/Powstanie-Styczniowe.-Kraj-i-Litwa-pograzyly-sie-w-zalobie-narodowej\/350\" target=\"_blank\">sklepie muzealnym<\/a>. <\/p>\n","protected":false},"excerpt":{"rendered":"<p>Ukaza\u0142y si\u0119 w\u0142a\u015bnie materia\u0142y pokonferencyjne z ubieg\u0142orocznej konferencji naukowej po\u015bwi\u0119conej Powstaniu Styczniowemu, a zatytu\u0142owanej: Powstanie Styczniowe. Kraj i Litwa pogr\u0105\u017cy\u0142y si\u0119 w \u017ca\u0142obie narodowej. W\u015br\u00f3d nich m\u00f3j artyku\u0142 pt. Arty\u015bci \u2013 uczestnicy Powstania Styczniowego i ich prace oraz zwi\u0105zane z &hellip; <a href=\"http:\/\/piekarska.com.pl\/?p=76955\">Continue reading <span class=\"meta-nav\">&rarr;<\/span><\/a><\/p>\n","protected":false},"author":1,"featured_media":76956,"comment_status":"closed","ping_status":"open","sticky":false,"template":"","format":"standard","meta":{"_acf_changed":false,"footnotes":""},"categories":[596],"tags":[135,1159,1166,1167,1165],"class_list":["post-76955","post","type-post","status-publish","format-standard","has-post-thumbnail","hentry","category-artykul","tag-artykul","tag-konferencja","tag-konferencja-naukowa","tag-materialy-pokonferencyjne","tag-powstanie-styczniowe"],"acf":[],"_links":{"self":[{"href":"http:\/\/piekarska.com.pl\/index.php?rest_route=\/wp\/v2\/posts\/76955","targetHints":{"allow":["GET"]}}],"collection":[{"href":"http:\/\/piekarska.com.pl\/index.php?rest_route=\/wp\/v2\/posts"}],"about":[{"href":"http:\/\/piekarska.com.pl\/index.php?rest_route=\/wp\/v2\/types\/post"}],"author":[{"embeddable":true,"href":"http:\/\/piekarska.com.pl\/index.php?rest_route=\/wp\/v2\/users\/1"}],"replies":[{"embeddable":true,"href":"http:\/\/piekarska.com.pl\/index.php?rest_route=%2Fwp%2Fv2%2Fcomments&post=76955"}],"version-history":[{"count":3,"href":"http:\/\/piekarska.com.pl\/index.php?rest_route=\/wp\/v2\/posts\/76955\/revisions"}],"predecessor-version":[{"id":76960,"href":"http:\/\/piekarska.com.pl\/index.php?rest_route=\/wp\/v2\/posts\/76955\/revisions\/76960"}],"wp:featuredmedia":[{"embeddable":true,"href":"http:\/\/piekarska.com.pl\/index.php?rest_route=\/wp\/v2\/media\/76956"}],"wp:attachment":[{"href":"http:\/\/piekarska.com.pl\/index.php?rest_route=%2Fwp%2Fv2%2Fmedia&parent=76955"}],"wp:term":[{"taxonomy":"category","embeddable":true,"href":"http:\/\/piekarska.com.pl\/index.php?rest_route=%2Fwp%2Fv2%2Fcategories&post=76955"},{"taxonomy":"post_tag","embeddable":true,"href":"http:\/\/piekarska.com.pl\/index.php?rest_route=%2Fwp%2Fv2%2Ftags&post=76955"}],"curies":[{"name":"wp","href":"https:\/\/api.w.org\/{rel}","templated":true}]}}