{"id":77167,"date":"2023-09-15T11:23:31","date_gmt":"2023-09-15T09:23:31","guid":{"rendered":"http:\/\/piekarska.com.pl\/?p=77167"},"modified":"2023-09-15T11:23:32","modified_gmt":"2023-09-15T09:23:32","slug":"stefan-starzynski","status":"publish","type":"post","link":"http:\/\/piekarska.com.pl\/?p=77167","title":{"rendered":"Stefan Starzy\u0144ski"},"content":{"rendered":"<div class=\"wp-block-image\">\n<figure class=\"alignleft size-medium\"><a href=\"http:\/\/piekarska.com.pl\/wp-content\/uploads\/2023\/09\/71a07419-cover_12a.jpg\"><img loading=\"lazy\" decoding=\"async\" width=\"210\" height=\"300\" src=\"http:\/\/piekarska.com.pl\/wp-content\/uploads\/2023\/09\/71a07419-cover_12a-210x300.jpg\" alt=\"\" class=\"wp-image-77168\" srcset=\"http:\/\/piekarska.com.pl\/wp-content\/uploads\/2023\/09\/71a07419-cover_12a-210x300.jpg 210w, http:\/\/piekarska.com.pl\/wp-content\/uploads\/2023\/09\/71a07419-cover_12a.jpg 623w\" sizes=\"auto, (max-width: 210px) 100vw, 210px\" \/><\/a><\/figure>\n<\/div>\n\n\n<p>Ukaza\u0142y si\u0119 w\u0142a\u015bnie materia\u0142y napisane na konferencj\u0119 po\u015bwi\u0119con\u0105 130 rocznicy urodzin Stefana Starzy\u0144skiego. Tytu\u0142 konferencji: <em>Dzi\u015b widz\u0119 wielk\u0105 Warszaw\u0119<\/em>, a rozpocznie si\u0119 ona 28 wrze\u015bnia 2023 o g. 09:00 w Muzeum Niepodleg\u0142o\u015bci w Warszawie, Pa\u0142ac Przebendowskich\/Radziwi\u0142\u0142\u00f3w, sala konferencyjna,\u00a0al. Solidarno\u015bci 62,\u00a000-240 Warszawa.<\/p>\n\n\n\n<p>W towarzysz\u0105cej konferencji publikacji znalaz\u0142 si\u0119 m\u00f3j artyku\u0142 pt.\u00a0<em>\u201ePortret Stefana Starzy\u0144skiego\u201d p\u0119dzla Moniki Piwowarskiej w zbiorach Muzeum Niepodleg\u0142o\u015bci<\/em>.<\/p>\n\n\n\n<p><a href=\"http:\/\/piekarska.com.pl\/wp-content\/uploads\/2023\/01\/Dzis-ide-walczyc-mamo-okladka.png\"><\/a>Redakcja zapowiada wydawnictwo nast\u0119puj\u0105cymi s\u0142owami:<\/p>\n\n\n\n<p>W roku ustanowionym przez Rad\u0119 m.st. Warszawy Rokiem Stefana Starzy\u0144skiego, ukazuje si\u0119 kolejna publikacja wydana przez Muzeum Niepodleg\u0142o\u015bci w Warszawie, zatytu\u0142owana\u00a0<em>Dzi\u015b widz\u0119 wielk\u0105 Warszaw\u0119.\u00a0<\/em>Polecamy wszystkim t\u0119 interesuj\u0105c\u0105 monografi\u0119, wzbogacon\u0105 ciekawymi ilustracjami dawnej Warszawy.<\/p>\n\n\n\n<p>Prezentowana publikacja jest zbiorem referat\u00f3w naukowych, przygotowanych na Og\u00f3lnopolsk\u0105 Interdyscyplinarn\u0105 Konferencj\u0119 Naukow\u0105 pod tym samym tytu\u0142em. Zosta\u0142a ona zorganizowana przez Muzeum Niepodleg\u0142o\u015bci w Warszawie, w ramach realizowanego szerszego projektu. Organizatorzy chcieli przypomnie\u0107 i upami\u0119tni\u0107 dokonania prezydenta Stefana Starzy\u0144skiego poprzez przedstawienie zwi\u0105zku mi\u0119dzy histori\u0105 i kultur\u0105 rozwijaj\u0105cej si\u0119 Warszawy jego czas\u00f3w. Naukowcy z r\u00f3\u017cnych o\u015brodk\u00f3w badawczych przedstawili wyniki swoich bada\u0144, zwi\u0105zanych z histori\u0105 II Rzeczypospolitej i rozwojem Warszawy, odnosz\u0105c je do wsp\u00f3\u0142czesno\u015bci.<\/p>\n\n\n\n<p>Wydarzenie to wpisa\u0142o si\u0119 w obchody 130. rocznicy urodzin Stefana Starzy\u0144skiego \u2013 wielkiego Prezydenta stolicy. Warto podkre\u015bli\u0107, \u017ce Starzy\u0144ski wraz ze swoimi wsp\u00f3\u0142pracownikami opracowa\u0142 4-letni plan rozwoju gospodarczego m.st. Warszawy (1938-1942). By\u0142 r\u00f3wnie\u017c pomys\u0142odawc\u0105 i wielkim or\u0119downikiem konkursu \u201eWarszawa w kwiatach\u201d, kt\u00f3rego 40. edycja odby\u0142a si\u0119 w tym roku. Jego szeroko zakrojone dzia\u0142ania przerwa\u0142a II wojna \u015bwiatowa. Aresztowany przez gestapo 27 pa\u017adziernika 1939 roku trafi\u0142 na Pawiak, gdzie w grudniu tego\u017c roku \u015blad po nim zagin\u0105\u0142.<\/p>\n\n\n\n<p>Publikacj\u0119 w formacie PDF mo\u017cna bezp\u0142atnie pobra\u0107 tutaj: <a href=\"https:\/\/static.goout.cloud\/muzeumniepodlegloscipl\/2023\/09\/d78033d2-dzis-widze-wielka-warszawe-internet.pdf\">https:\/\/static.goout.cloud\/muzeumniepodlegloscipl\/2023\/09\/d78033d2-dzis-widze-wielka-warszawe-internet.pdf<\/a><\/p>\n\n\n\n<p>A dla tych, kt\u00f3rzy wol\u0105 tradycyjny kontakt z tekstem informacja, \u017ce papierowe egzemplarze kupi\u0107 w\u00a0<a href=\"https:\/\/ksiegarnia.muzeum-niepodleglosci.pl\/pl\/p\/Dzis-widze-wielka-Warszawe\/418\" target=\"_blank\" rel=\"noreferrer noopener\">sklepie muzealnym<\/a>.<\/p>\n","protected":false},"excerpt":{"rendered":"<p>Ukaza\u0142y si\u0119 w\u0142a\u015bnie materia\u0142y napisane na konferencj\u0119 po\u015bwi\u0119con\u0105 130 rocznicy urodzin Stefana Starzy\u0144skiego. Tytu\u0142 konferencji: Dzi\u015b widz\u0119 wielk\u0105 Warszaw\u0119, a rozpocznie si\u0119 ona 28 wrze\u015bnia 2023 o g. 09:00 w Muzeum Niepodleg\u0142o\u015bci w Warszawie, Pa\u0142ac Przebendowskich\/Radziwi\u0142\u0142\u00f3w, sala konferencyjna,\u00a0al. Solidarno\u015bci 62,\u00a000-240 &hellip; <a href=\"http:\/\/piekarska.com.pl\/?p=77167\">Continue reading <span class=\"meta-nav\">&rarr;<\/span><\/a><\/p>\n","protected":false},"author":1,"featured_media":77168,"comment_status":"closed","ping_status":"open","sticky":false,"template":"","format":"standard","meta":{"_acf_changed":false,"footnotes":""},"categories":[596,1168],"tags":[1183,1159,1166,1147],"class_list":["post-77167","post","type-post","status-publish","format-standard","has-post-thumbnail","hentry","category-artykul","category-muzeum","tag-esej","tag-konferencja","tag-konferencja-naukowa","tag-muzeum-niepodleglosci"],"acf":[],"_links":{"self":[{"href":"http:\/\/piekarska.com.pl\/index.php?rest_route=\/wp\/v2\/posts\/77167","targetHints":{"allow":["GET"]}}],"collection":[{"href":"http:\/\/piekarska.com.pl\/index.php?rest_route=\/wp\/v2\/posts"}],"about":[{"href":"http:\/\/piekarska.com.pl\/index.php?rest_route=\/wp\/v2\/types\/post"}],"author":[{"embeddable":true,"href":"http:\/\/piekarska.com.pl\/index.php?rest_route=\/wp\/v2\/users\/1"}],"replies":[{"embeddable":true,"href":"http:\/\/piekarska.com.pl\/index.php?rest_route=%2Fwp%2Fv2%2Fcomments&post=77167"}],"version-history":[{"count":1,"href":"http:\/\/piekarska.com.pl\/index.php?rest_route=\/wp\/v2\/posts\/77167\/revisions"}],"predecessor-version":[{"id":77169,"href":"http:\/\/piekarska.com.pl\/index.php?rest_route=\/wp\/v2\/posts\/77167\/revisions\/77169"}],"wp:featuredmedia":[{"embeddable":true,"href":"http:\/\/piekarska.com.pl\/index.php?rest_route=\/wp\/v2\/media\/77168"}],"wp:attachment":[{"href":"http:\/\/piekarska.com.pl\/index.php?rest_route=%2Fwp%2Fv2%2Fmedia&parent=77167"}],"wp:term":[{"taxonomy":"category","embeddable":true,"href":"http:\/\/piekarska.com.pl\/index.php?rest_route=%2Fwp%2Fv2%2Fcategories&post=77167"},{"taxonomy":"post_tag","embeddable":true,"href":"http:\/\/piekarska.com.pl\/index.php?rest_route=%2Fwp%2Fv2%2Ftags&post=77167"}],"curies":[{"name":"wp","href":"https:\/\/api.w.org\/{rel}","templated":true}]}}