{"id":77527,"date":"2024-10-27T08:00:00","date_gmt":"2024-10-27T07:00:00","guid":{"rendered":"http:\/\/piekarska.com.pl\/?p=77527"},"modified":"2024-11-20T11:21:22","modified_gmt":"2024-11-20T10:21:22","slug":"ii-wojna-swiatowa-w-filmie","status":"publish","type":"post","link":"http:\/\/piekarska.com.pl\/?p=77527","title":{"rendered":"II wojna \u015bwiatowa w filmie"},"content":{"rendered":"<div class=\"wp-block-image\">\n<figure class=\"alignleft size-medium\"><a href=\"http:\/\/piekarska.com.pl\/wp-content\/uploads\/2024\/11\/276387ad-katalog-wystawy-ii-wojna-swiatowa-w-filmie_page-0001.jpg\"><img loading=\"lazy\" decoding=\"async\" width=\"300\" height=\"271\" src=\"http:\/\/piekarska.com.pl\/wp-content\/uploads\/2024\/11\/276387ad-katalog-wystawy-ii-wojna-swiatowa-w-filmie_page-0001-300x271.jpg\" alt=\"\" class=\"wp-image-77528\" srcset=\"http:\/\/piekarska.com.pl\/wp-content\/uploads\/2024\/11\/276387ad-katalog-wystawy-ii-wojna-swiatowa-w-filmie_page-0001-300x271.jpg 300w, http:\/\/piekarska.com.pl\/wp-content\/uploads\/2024\/11\/276387ad-katalog-wystawy-ii-wojna-swiatowa-w-filmie_page-0001-1024x924.jpg 1024w, http:\/\/piekarska.com.pl\/wp-content\/uploads\/2024\/11\/276387ad-katalog-wystawy-ii-wojna-swiatowa-w-filmie_page-0001-768x693.jpg 768w, http:\/\/piekarska.com.pl\/wp-content\/uploads\/2024\/11\/276387ad-katalog-wystawy-ii-wojna-swiatowa-w-filmie_page-0001.jpg 1386w\" sizes=\"auto, (max-width: 300px) 100vw, 300px\" \/><\/a><\/figure>\n<\/div>\n\n\n<p>Ukaza\u0142 si\u0119 katalog do wystawy pt. <em>II wojna \u015bwiatowa w filmie <\/em>pokazuj\u0105cej plakaty filmowe. To wystawa, kt\u00f3r\u0105 mo\u017cna obejrze\u0107 w X Pawilonie Cytadeli Warszawskiej do ko\u0144ca roku. W katalogu m.in. m\u00f3j esej, z kt\u00f3rego wydawnictwo skorzysta\u0142o reklamuj\u0105c ekspozycj\u0119 i katalog. <\/p>\n\n\n\n<p>Wystawa \u201eII wojna \u015bwiatowa w filmie\u201d w Muzeum X Pawilonu Cytadeli Warszawskiej prezentuje bogat\u0105 kolekcj\u0119 plakat\u00f3w filmowych zwi\u0105zanych z tematyk\u0105 II wojny \u015bwiatowej, pochodz\u0105cych ze zbior\u00f3w Muzeum Niepodleg\u0142o\u015bci.<\/p>\n\n\n\n<p>Na ekspozycji zobaczy\u0107 mo\u017cna plakaty do film\u00f3w polskich, radzieckich, chi\u0144skich, czechos\u0142owackich, angielskich i japo\u0144skich, kt\u00f3re stanowi\u0105 fascynuj\u0105cy przegl\u0105d sposob\u00f3w, w jakie kino na ca\u0142ym \u015bwiecie przedstawia\u0142o wydarzenia najwi\u0119kszego konfliktu w historii ludzko\u015bci.<\/p>\n\n\n\n<p>Dwudziesty pierwszy wiek przyzwyczai\u0142 nas do tego, \u017ce plakat filmowy sprowadzony zosta\u0142 do kompozycji, w kt\u00f3rej centraln\u0105 cz\u0119\u015bci\u0105 jest kadr z filmu lub zdj\u0119cie aktor\u00f3w graj\u0105cych g\u0142\u00f3wne role.<br \/>Tymczasem powojenny polski plakat filmowy stawia\u0142 na artystyczne kompozycje, a ich tw\u00f3rcy cz\u0119sto si\u0119gali po proste symbole. W okresie PRL promocja filmu poprzez plakat by\u0142a najpowszechniejsza, bo\u2026 najta\u0144sza, cho\u0107 plakaty cz\u0119sto drukowano w bardzo du\u017cych, bo si\u0119gaj\u0105cych kilkudziesi\u0119ciu tysi\u0119cy sztuk, nak\u0142adach. Dobrze nag\u0142o\u015bniony dzi\u0119ki plakatowi film przyczynia\u0142 si\u0119 do wzrostu frekwencji nie tylko w du\u017cych aglomeracjach, ale te\u017c w ma\u0142ych miejscowo\u015bciach, w kt\u00f3rych dzia\u0142a\u0142y niewielkie kina. \u015awiadomo\u015b\u0107 tego, jakie mo\u017cliwo\u015bci propagandowe ma plakat, sprawi\u0142a, \u017ce nie tylko zleceniodawcy, ale i tw\u00f3rcy szukali w wizualnym przekazie zupe\u0142nie nowych rozwi\u0105za\u0144 artystycznych.<\/p>\n\n\n\n<p>Patrz\u0105c na zebrane na wystawie i zgromadzone w towarzysz\u0105cym jej katalogu plakaty trudno oprze\u0107 si\u0119 wra\u017ceniu, \u017ce projektuj\u0105cy je arty\u015bci, cho\u0107 czasem korzystali z filmowych fotos\u00f3w, to wykorzystywali je do graficznego przetworzenia, przygotowuj\u0105c plakaty z u\u017cyciem sztuki fotomonta\u017cu. Tworzono te\u017c plakaty, w kt\u00f3rych wykorzystywano sceny lub obrazy z filmu, ale malarsko je ilustruj\u0105c. Jednak przy projektowaniu plakat\u00f3w arty\u015bci o wiele cz\u0119\u015bciej ni\u017c na fotosy i fotomonta\u017c stawiali na znaki i symbole, kt\u00f3re w spos\u00f3b nie zdradzaj\u0105cy ca\u0142ej tre\u015bci mniej lub bardziej delikatnie j\u0105 sugerowa\u0142y.<\/p>\n\n\n\n<p>Prezentowane na wystawie plakaty pochodz\u0105ce ze zbior\u00f3w Muzeum Niepodleg\u0142o\u015bci w wi\u0119kszo\u015bci powsta\u0142y jeszcze w okresie PRL. Ich celem by\u0142a informacja o filmie i zach\u0119cenie widz\u00f3w do przyj\u015bcia na seans. Wprawdzie nie nazywano tego dzia\u0142aniem marketingowym, gdy\u017c to poj\u0119cie w Polsce wtedy nie istnia\u0142o, ale plakat pe\u0142ni\u0142 funkcj\u0119 czego\u015b w rodzaju materia\u0142u reklamowego. By\u0142a to jednak reklama artystyczna, a do jej stworzenia zaproszeni zostali najwybitniejsi polscy plastycy.<\/p>\n\n\n\n<p>Katalog mo\u017cna pobra\u0107 tutaj: <\/p>\n\n\n\n<p><a href=\"http:\/\/chrome-extension:\/\/efaidnbmnnnibpcajpcglclefindmkaj\/https:\/\/static.goout.cloud\/muzeumniepodlegloscipl\/2024\/10\/2c3f1082-katalog-wystawy-ii-wojna-swiatowa-w-filmie.pdf\" target=\"_blank\" rel=\"noreferrer noopener\">https:\/\/muzn.pl\/pl\/palac\/katalog-wystawy-ii-wojna-swiatowa-w-filmie\/#:~:text=Katalog%20wystawy%20II%20wojna%20%C5%9Bwiatowa%20w%20filmie<\/a><\/p>\n","protected":false},"excerpt":{"rendered":"<p>Ukaza\u0142 si\u0119 katalog do wystawy pt. II wojna \u015bwiatowa w filmie pokazuj\u0105cej plakaty filmowe. To wystawa, kt\u00f3r\u0105 mo\u017cna obejrze\u0107 w X Pawilonie Cytadeli Warszawskiej do ko\u0144ca roku. W katalogu m.in. m\u00f3j esej, z kt\u00f3rego wydawnictwo skorzysta\u0142o reklamuj\u0105c ekspozycj\u0119 i katalog. &hellip; <a href=\"http:\/\/piekarska.com.pl\/?p=77527\">Continue reading <span class=\"meta-nav\">&rarr;<\/span><\/a><\/p>\n","protected":false},"author":1,"featured_media":77528,"comment_status":"closed","ping_status":"open","sticky":false,"template":"","format":"standard","meta":{"_acf_changed":false,"footnotes":""},"categories":[596,188,1168],"tags":[1183,112,1189,1147,1238,1178],"class_list":["post-77527","post","type-post","status-publish","format-standard","has-post-thumbnail","hentry","category-artykul","category-ksiazka","category-muzeum","tag-esej","tag-film","tag-katalog","tag-muzeum-niepodleglosci","tag-plakat","tag-wystawa"],"acf":[],"_links":{"self":[{"href":"http:\/\/piekarska.com.pl\/index.php?rest_route=\/wp\/v2\/posts\/77527","targetHints":{"allow":["GET"]}}],"collection":[{"href":"http:\/\/piekarska.com.pl\/index.php?rest_route=\/wp\/v2\/posts"}],"about":[{"href":"http:\/\/piekarska.com.pl\/index.php?rest_route=\/wp\/v2\/types\/post"}],"author":[{"embeddable":true,"href":"http:\/\/piekarska.com.pl\/index.php?rest_route=\/wp\/v2\/users\/1"}],"replies":[{"embeddable":true,"href":"http:\/\/piekarska.com.pl\/index.php?rest_route=%2Fwp%2Fv2%2Fcomments&post=77527"}],"version-history":[{"count":2,"href":"http:\/\/piekarska.com.pl\/index.php?rest_route=\/wp\/v2\/posts\/77527\/revisions"}],"predecessor-version":[{"id":77551,"href":"http:\/\/piekarska.com.pl\/index.php?rest_route=\/wp\/v2\/posts\/77527\/revisions\/77551"}],"wp:featuredmedia":[{"embeddable":true,"href":"http:\/\/piekarska.com.pl\/index.php?rest_route=\/wp\/v2\/media\/77528"}],"wp:attachment":[{"href":"http:\/\/piekarska.com.pl\/index.php?rest_route=%2Fwp%2Fv2%2Fmedia&parent=77527"}],"wp:term":[{"taxonomy":"category","embeddable":true,"href":"http:\/\/piekarska.com.pl\/index.php?rest_route=%2Fwp%2Fv2%2Fcategories&post=77527"},{"taxonomy":"post_tag","embeddable":true,"href":"http:\/\/piekarska.com.pl\/index.php?rest_route=%2Fwp%2Fv2%2Ftags&post=77527"}],"curies":[{"name":"wp","href":"https:\/\/api.w.org\/{rel}","templated":true}]}}