{"id":77564,"date":"2024-12-14T16:07:18","date_gmt":"2024-12-14T15:07:18","guid":{"rendered":"http:\/\/piekarska.com.pl\/?p=77564"},"modified":"2025-01-04T13:53:54","modified_gmt":"2025-01-04T12:53:54","slug":"88-numer-niepodleglosc-i-pamiec","status":"publish","type":"post","link":"http:\/\/piekarska.com.pl\/?p=77564","title":{"rendered":"88 numer Niepodleg\u0142o\u015b\u0107 i Pami\u0119\u0107"},"content":{"rendered":"<div class=\"wp-block-image\">\n<figure class=\"alignleft size-full\"><a href=\"http:\/\/piekarska.com.pl\/wp-content\/uploads\/2024\/12\/f5b8589e-nip-88-okladka.png\"><img loading=\"lazy\" decoding=\"async\" width=\"429\" height=\"654\" src=\"http:\/\/piekarska.com.pl\/wp-content\/uploads\/2024\/12\/f5b8589e-nip-88-okladka.png\" alt=\"\" class=\"wp-image-77573\" srcset=\"http:\/\/piekarska.com.pl\/wp-content\/uploads\/2024\/12\/f5b8589e-nip-88-okladka.png 429w, http:\/\/piekarska.com.pl\/wp-content\/uploads\/2024\/12\/f5b8589e-nip-88-okladka-197x300.png 197w\" sizes=\"auto, (max-width: 429px) 100vw, 429px\" \/><\/a><\/figure>\n<\/div>\n\n\n<p>W najnowszym (88) numerze kwartalnika \u201cNiepodleg\u0142o\u015b\u0107 i Pami\u0119\u0107\u201d wydawanego przez Muzeum Niepodleg\u0142o\u015bci w Warszawie m\u00f3j artyku\u0142.<\/p>\n\n\n\n<blockquote class=\"wp-block-quote is-layout-flow wp-block-quote-is-layout-flow\">\n<p>Kwartalnik ukazuje si\u0119 od 1994 roku i po\u015bwi\u0119cony&nbsp;jest ojczystej historii, kulturze i sztuce, wiele uwagi staramy si\u0119 po\u015bwi\u0119ci\u0107 zagadnieniom dotycz\u0105cym polskich ruch\u00f3w niepodleg\u0142o\u015bciowych, spo\u0142ecznych i obywatelskich na przestrzeni XVIII\u2013XX wieku.<\/p>\n<\/blockquote>\n\n\n\n<blockquote class=\"wp-block-quote is-layout-flow wp-block-quote-is-layout-flow\">\n<p>Na \u0142amach&nbsp;czasopisma Niepodleg\u0142o\u015b\u0107 i Pami\u0119\u0107&nbsp;przedstawiamy artyku\u0142y, materia\u0142y po\u015bwi\u0119cone&nbsp;muzealnictwu, a wi\u0119c sektorowi, w kt\u00f3rym czynnie uczestniczy&nbsp;Muzeum Niepodleg\u0142o\u015bci w Warszawie, \u017ar\u00f3d\u0142a, recenzje, bibliografie. Mamy nadziej\u0119, \u017ce czasopismo Niepodleg\u0142o\u015b\u0107 i Pami\u0119\u0107&nbsp;stanie si\u0119 nie tylko miejscem, w kt\u00f3rym b\u0119dziemy dzieli\u0107 si\u0119 z Pa\u0144stwem wiedz\u0105, ale tak\u017ce polem dla tw\u00f3rczych polemik, toczonych z naukowcami oraz najwa\u017cniejszymi instytucjami w kraju i na \u015bwiecie.<\/p>\n<\/blockquote>\n\n\n\n<blockquote class=\"wp-block-quote is-layout-flow wp-block-quote-is-layout-flow\">\n<p>Druk czasopisma Niepodleg\u0142o\u015b\u0107 i Pami\u0119\u0107&nbsp;jest mo\u017cliwy dzi\u0119ki dofinansowaniu&nbsp;<em>ze \u015brodk\u00f3w Ministra Kultury i Dziedzictwa Narodowego pochodz\u0105cych z Funduszu Promocji Kultury oraz ze \u015brodk\u00f3w Samorz\u0105du Wojew\u00f3dztwa Mazowieckiego.<\/em><\/p>\n<\/blockquote>\n\n\n\n<p>Archiwalne numery czasopisma Niepodleg\u0142o\u015b\u0107 i Pami\u0119\u0107 s\u0105 dost\u0119pne r\u00f3wnie\u017c w Federacji Bibliotek Cyfrowych oraz na stronie Mazowieckiej Biblioteki Cyfrowej.&nbsp;<\/p>\n\n\n\n<p><strong>W najnowszym 88 numerze: <\/strong><\/p>\n\n\n\n<p>Spis tre\u015bci:<\/p>\n\n\n\n<ul class=\"wp-block-list\">\n<li>Tadeusz Skoczek, Tradycja chrze\u015bcija\u0144ska na Pawiaku<\/li>\n<\/ul>\n\n\n\n<p>ARTYKU\u0141Y<\/p>\n\n\n\n<ul class=\"wp-block-list\">\n<li>Robert Hasselbusch, \u015awi\u0119ta Bo\u017cego Narodzenia na Pawiaku <\/li>\n\n\n\n<li>Marcin Gom\u00f3\u0142ka, Atak gazowy pod Legnic\u0105 \u2013 prawda czy mit? <\/li>\n\n\n\n<li>Maciej Bia\u0142ecki, Biogramy Powsta\u0144c\u00f3w Warszawskich. Dr Kazimier \u0141otkowski (1912\u20131989) \u2013 lekarz oddzia\u0142u \u201ePonurego\u201d, Powstanie Warszawski i chirurg onkolog <\/li>\n\n\n\n<li>Krzysztof Kopoci\u0144ski, Zbigniew Kopoci\u0144ski, Gen. bryg. dr Bronis\u0142aw Malewski (1874\u20131920) \u2013 w 150. rocznic\u0119 urodzin Naczelnego Lekarza 1. Korpusu Polskiego i Szefa Departamentu Sanitarnego Ministerstwa Spraw Wojskowych <\/li>\n\n\n\n<li>Bartosz Drejerski, \u017bydzi p\u00f3\u0142nocnego Mazowsza wobec Powstania Listopadowego i Styczniowego <\/li>\n<\/ul>\n\n\n\n<p>MUZEALNICTWO. Materia\u0142y. Sprawozdania. Om\u00f3wienia <\/p>\n\n\n\n<ul class=\"wp-block-list\">\n<li>Ma\u0142gorzata Karolina Piekarska, Jan S\u0119k \u2013 darczy\u0144ca Muzeum Niepodleg\u0142o\u015bci <\/li>\n\n\n\n<li>Dorota Panowek, Kronika wydarze\u0144 Muzeum Niepodleg\u0142o\u015bci w Warszawie (kwiecie\u0144, maj, czerwiec) <\/li>\n\n\n\n<li>Marta Brodala, Podsumowanie wystawy czasowej \u201ePuszcza Bia\u0142owieska \u2013 Zielone P\u0142uca Europy. Malarstwo Piotra Gagana\u201d <\/li>\n\n\n\n<li>Andrzej Kotecki, Wystawa Mattii Pretiego. Odkrywaj\u0105c barokowe tajemnice Malty <\/li>\n\n\n\n<li>Igor Szcz\u0119snowicz, Cytadela Warszawska \u2013 czas na pi\u0105te muzeum? Zachowa\u0107 od zapomnienia <\/li>\n\n\n\n<li>Piotr Gucwa, Obchody 104. rocznicy Bitwy Warszawskiej w Muzeum Bitwy Warszawskiej 1920 roku w Radzyminie <\/li>\n\n\n\n<li>Aleksandra Kotalewicz, \u201eOd Rac\u0142awic (1794) do Radzymina (1920)\u201d. Wernisa\u017c wystawy Polskiej Fundacji Ko\u015bciuszkowskiej w Muzeum Bitwy Warszawskiej 1920 roku w Radzyminie <\/li>\n\n\n\n<li>Piotr Maro\u0144ski, Widowisko o Wincentym Witosie <\/li>\n\n\n\n<li>Dominika Zy\u015bk, Salon Dobrej Prasy im. Walerego Pisarka \u2013 spotkanie z Janin\u0105 K\u0119sek i Stanis\u0142awem Mrozem z redakcji \u201eWiadomo\u015bci Boche\u0144skich\u201d 28 maja 2024 roku <\/li>\n<\/ul>\n\n\n\n<p>\u0179R\u00d3D\u0141A. Relacje. Wspomnienia<\/p>\n\n\n\n<ul class=\"wp-block-list\">\n<li>Andrzej Domagalski, Archiwum kultury studenckiej. Debiut w \u201ePod Bud\u0105\u201d, zakochany w Olsztynie i pocz\u0105tki ze striptizem<\/li>\n\n\n\n<li>Mateusz Raty\u0144ski, Wielka Wojna we wspomnieniach marsza\u0142ka Wojciecha Tr\u0105mpczy\u0144skiego<\/li>\n\n\n\n<li>Izabella Rusinowa, Genera\u0142 J\u00f3zef Zaj\u0105czek o bitwie pod Rac\u0142awicami<\/li>\n\n\n\n<li>Marek So\u0142tysik, \u201eMonachijczycy\u201d albo arty\u015bci znad Wis\u0142y nad Izar\u0105<\/li>\n\n\n\n<li>Bart\u0142omiej Soko\u0142owski, Stanis\u0142aw Skar\u017cy\u0144ski (1896\u20131939) \u2013 uczestnik wojny polsko-bolszewickiej i obrony Grodna<\/li>\n\n\n\n<li>Janusz Gmitruk, Dekret o reformie rolnej PKWN. Historia i wsp\u00f3\u0142czesno\u015b\u0107<\/li>\n<\/ul>\n\n\n\n<p>IN MEMORIAM<\/p>\n\n\n\n<ul class=\"wp-block-list\">\n<li>Stanis\u0142aw Hadyna, Epitafium 269<\/li>\n<\/ul>\n\n\n\n<p>RECENZJE. Noty. Bibliografie<\/p>\n\n\n\n<ul class=\"wp-block-list\">\n<li>Maja Maro\u0144ska, Piotr Maro\u0144ski, Rycerze \u015awi\u0119tego Floriana z ziemi legionowskiej (Stra\u017cacy ziemi legionowskiej, red. S. Bukowiec, Agencja Wydawnicza Palindrom, Bochnia 2023)<\/li>\n\n\n\n<li>Antoni Dragan, Pami\u0119tamy o Wrze\u015bniu 1939 roku! (A jednak wojna\u2026 Wojna obronna 1939 w zbiorach Muzeum Niepodleg\u0142o\u015bci, red. T. Skoczek, Muzeum Niepodleg\u0142o\u015bci, Warszawa 2023) 283<\/li>\n\n\n\n<li>Andrzej Kotecki, Dialog muzealnik\u00f3w z histori\u0105 (Rozmowa z histori\u0105. Dwadzie\u015bcia pi\u0119\u0107 obraz\u00f3w na 25-lecie Samorz\u0105du Wojew\u00f3dztwa Mazowieckiego, red. T. Skoczek, Muzeum Niepodleg\u0142o\u015bci, Warszawa 2023)<\/li>\n\n\n\n<li>Henryk Nicpo\u0144, Klucz do zrozumienia akcji zaprogramowanego unicestwienia \u017byd\u00f3w (Jan S\u0119k, Niemiecka Akcja Reinhardt \u2013 dwa przywo\u0142ania rocznicowe \u2013 80, Wydawnictwo Lubelskie AZ, Lublin 2023)<\/li>\n\n\n\n<li>Bart\u0142omiej Soko\u0142owski, Historia pewnej rodziny (Jacek Emil Szczepa\u0144ski, Rodzina Skonieckich i ruch komunistyczny w Legionowie, Muzeum Historyczne w Legionowie, Legionowo 2023)<\/li>\n<\/ul>\n\n\n\n<p>Nasi Autorzy<\/p>\n\n\n\n<p>PDF numeru mo\u017cna pobra\u0107 tu: <a href=\"https:\/\/mbc.cyfrowemazowsze.pl\/Content\/113643\/download\/\" target=\"_blank\" rel=\"noreferrer noopener\">https:\/\/mbc.cyfrowemazowsze.pl\/Content\/113643\/download\/<\/a><\/p>\n","protected":false},"excerpt":{"rendered":"<p>W najnowszym (88) numerze kwartalnika \u201cNiepodleg\u0142o\u015b\u0107 i Pami\u0119\u0107\u201d wydawanego przez Muzeum Niepodleg\u0142o\u015bci w Warszawie m\u00f3j artyku\u0142. Kwartalnik ukazuje si\u0119 od 1994 roku i po\u015bwi\u0119cony&nbsp;jest ojczystej historii, kulturze i sztuce, wiele uwagi staramy si\u0119 po\u015bwi\u0119ci\u0107 zagadnieniom dotycz\u0105cym polskich ruch\u00f3w niepodleg\u0142o\u015bciowych, spo\u0142ecznych &hellip; <a href=\"http:\/\/piekarska.com.pl\/?p=77564\">Continue reading <span class=\"meta-nav\">&rarr;<\/span><\/a><\/p>\n","protected":false},"author":1,"featured_media":77573,"comment_status":"closed","ping_status":"open","sticky":false,"template":"","format":"standard","meta":{"_acf_changed":false,"footnotes":""},"categories":[596],"tags":[1149],"class_list":["post-77564","post","type-post","status-publish","format-standard","has-post-thumbnail","hentry","category-artykul","tag-niepodleglosc-i-pamiec"],"acf":[],"_links":{"self":[{"href":"http:\/\/piekarska.com.pl\/index.php?rest_route=\/wp\/v2\/posts\/77564","targetHints":{"allow":["GET"]}}],"collection":[{"href":"http:\/\/piekarska.com.pl\/index.php?rest_route=\/wp\/v2\/posts"}],"about":[{"href":"http:\/\/piekarska.com.pl\/index.php?rest_route=\/wp\/v2\/types\/post"}],"author":[{"embeddable":true,"href":"http:\/\/piekarska.com.pl\/index.php?rest_route=\/wp\/v2\/users\/1"}],"replies":[{"embeddable":true,"href":"http:\/\/piekarska.com.pl\/index.php?rest_route=%2Fwp%2Fv2%2Fcomments&post=77564"}],"version-history":[{"count":3,"href":"http:\/\/piekarska.com.pl\/index.php?rest_route=\/wp\/v2\/posts\/77564\/revisions"}],"predecessor-version":[{"id":77594,"href":"http:\/\/piekarska.com.pl\/index.php?rest_route=\/wp\/v2\/posts\/77564\/revisions\/77594"}],"wp:featuredmedia":[{"embeddable":true,"href":"http:\/\/piekarska.com.pl\/index.php?rest_route=\/wp\/v2\/media\/77573"}],"wp:attachment":[{"href":"http:\/\/piekarska.com.pl\/index.php?rest_route=%2Fwp%2Fv2%2Fmedia&parent=77564"}],"wp:term":[{"taxonomy":"category","embeddable":true,"href":"http:\/\/piekarska.com.pl\/index.php?rest_route=%2Fwp%2Fv2%2Fcategories&post=77564"},{"taxonomy":"post_tag","embeddable":true,"href":"http:\/\/piekarska.com.pl\/index.php?rest_route=%2Fwp%2Fv2%2Ftags&post=77564"}],"curies":[{"name":"wp","href":"https:\/\/api.w.org\/{rel}","templated":true}]}}