{"id":77589,"date":"2025-01-04T13:47:41","date_gmt":"2025-01-04T12:47:41","guid":{"rendered":"http:\/\/piekarska.com.pl\/?p=77589"},"modified":"2025-01-04T13:47:43","modified_gmt":"2025-01-04T12:47:43","slug":"zima-w-plakacie","status":"publish","type":"post","link":"http:\/\/piekarska.com.pl\/?p=77589","title":{"rendered":"Zima w plakacie"},"content":{"rendered":"<div class=\"wp-block-image\">\n<figure class=\"alignleft size-medium\"><a href=\"http:\/\/piekarska.com.pl\/wp-content\/uploads\/2025\/01\/Zima-w-plakacie-drukNET_Strona_01.jpg\"><img loading=\"lazy\" decoding=\"async\" width=\"298\" height=\"300\" src=\"http:\/\/piekarska.com.pl\/wp-content\/uploads\/2025\/01\/Zima-w-plakacie-drukNET_Strona_01-298x300.jpg\" alt=\"\" class=\"wp-image-77590\" srcset=\"http:\/\/piekarska.com.pl\/wp-content\/uploads\/2025\/01\/Zima-w-plakacie-drukNET_Strona_01-298x300.jpg 298w, http:\/\/piekarska.com.pl\/wp-content\/uploads\/2025\/01\/Zima-w-plakacie-drukNET_Strona_01-150x150.jpg 150w, http:\/\/piekarska.com.pl\/wp-content\/uploads\/2025\/01\/Zima-w-plakacie-drukNET_Strona_01-768x774.jpg 768w, http:\/\/piekarska.com.pl\/wp-content\/uploads\/2025\/01\/Zima-w-plakacie-drukNET_Strona_01.jpg 839w\" sizes=\"auto, (max-width: 298px) 100vw, 298px\" \/><\/a><\/figure>\n<\/div>\n\n\n<p>Ukaza\u0142 si\u0119 katalog wystawy &#8222;Zima w plakacie&#8221; z moim esejem o obiektach pokazywanych na wystawie. Publikacja prezentuje plakaty z okresu PRL ze zbior\u00f3w Muzeum Niepodleg\u0142o\u015bci przedstawiaj\u0105ce szeroko rozumian\u0105 tematyk\u0119 zimow\u0105.<\/p>\n\n\n\n<p>Marta Brodala, kuratorka wystawy \u201cZima w plakacie\u201d, napisa\u0142a w katalogu: \u201cZima w naszym kraju stwarza mo\u017cliwo\u015bci radosnego i zdrowego wypoczynku, ale jednocze\u015bnie jest to okres ci\u0119\u017ckiej i ofiarnej pracy wielu ludzi\u201d \u2013 komentarzowi lektora towarzysz\u0105 obrazy: wysadzanie lodu na rzece, zwa\u0142y \u015bniegu na szosie, od\u015bnie\u017canie dr\u00f3g i tor\u00f3w, naprawianie zerwanych pod naporem szadzi przewod\u00f3w elektrycznych. Pojawiaj\u0105 si\u0119 te\u017c \u015bmigaj\u0105cy po \u015bwie\u017cym puchu narciarze. Tak wygl\u0105da zima w Polsce wed\u0142ug filmu dokumentalnego z 1970 roku. I chocia\u017c w ostatnich latach zimy s\u0105 \u0142agodne, a \u015bnieg ogl\u0105da\u0107 mo\u017cna g\u0142\u00f3wnie w g\u00f3rach (a i to nie zawsze), to jeszcze 40 lat temu zima stanowi\u0142a wyzwanie nie tylko dla s\u0142u\u017cb, ale i dla zwyk\u0142ych obywateli.<\/p>\n\n\n\n<p>Wernisa\u017c wystawy odb\u0119dzie si\u0119 <strong>7 stycznia o g. 14:00<\/strong> w Muzeum X Pawilonu Cytadeli Warszawskiej przy ul. Skaza\u0144c\u00f3w 25. <\/p>\n\n\n\n<p>A katalog mo\u017cna pobra\u0107 tutaj: <\/p>\n\n\n\n<p><a href=\"https:\/\/static.goout.cloud\/muzeumniepodlegloscipl\/2025\/01\/6dce1799-katalog-wystawy-zima-w-plakacie.pdf\" target=\"_blank\" rel=\"noreferrer noopener\">https:\/\/static.goout.cloud\/muzeumniepodlegloscipl\/2025\/01\/6dce1799-katalog-wystawy-zima-w-plakacie.pdf<\/a><\/p>\n","protected":false},"excerpt":{"rendered":"<p>Ukaza\u0142 si\u0119 katalog wystawy &#8222;Zima w plakacie&#8221; z moim esejem o obiektach pokazywanych na wystawie. Publikacja prezentuje plakaty z okresu PRL ze zbior\u00f3w Muzeum Niepodleg\u0142o\u015bci przedstawiaj\u0105ce szeroko rozumian\u0105 tematyk\u0119 zimow\u0105. Marta Brodala, kuratorka wystawy \u201cZima w plakacie\u201d, napisa\u0142a w katalogu: &hellip; <a href=\"http:\/\/piekarska.com.pl\/?p=77589\">Continue reading <span class=\"meta-nav\">&rarr;<\/span><\/a><\/p>\n","protected":false},"author":1,"featured_media":77590,"comment_status":"closed","ping_status":"open","sticky":false,"template":"","format":"standard","meta":{"_acf_changed":false,"footnotes":""},"categories":[596,188,1168],"tags":[1183,1189,1147,1238,1178],"class_list":["post-77589","post","type-post","status-publish","format-standard","has-post-thumbnail","hentry","category-artykul","category-ksiazka","category-muzeum","tag-esej","tag-katalog","tag-muzeum-niepodleglosci","tag-plakat","tag-wystawa"],"acf":[],"_links":{"self":[{"href":"http:\/\/piekarska.com.pl\/index.php?rest_route=\/wp\/v2\/posts\/77589","targetHints":{"allow":["GET"]}}],"collection":[{"href":"http:\/\/piekarska.com.pl\/index.php?rest_route=\/wp\/v2\/posts"}],"about":[{"href":"http:\/\/piekarska.com.pl\/index.php?rest_route=\/wp\/v2\/types\/post"}],"author":[{"embeddable":true,"href":"http:\/\/piekarska.com.pl\/index.php?rest_route=\/wp\/v2\/users\/1"}],"replies":[{"embeddable":true,"href":"http:\/\/piekarska.com.pl\/index.php?rest_route=%2Fwp%2Fv2%2Fcomments&post=77589"}],"version-history":[{"count":2,"href":"http:\/\/piekarska.com.pl\/index.php?rest_route=\/wp\/v2\/posts\/77589\/revisions"}],"predecessor-version":[{"id":77632,"href":"http:\/\/piekarska.com.pl\/index.php?rest_route=\/wp\/v2\/posts\/77589\/revisions\/77632"}],"wp:featuredmedia":[{"embeddable":true,"href":"http:\/\/piekarska.com.pl\/index.php?rest_route=\/wp\/v2\/media\/77590"}],"wp:attachment":[{"href":"http:\/\/piekarska.com.pl\/index.php?rest_route=%2Fwp%2Fv2%2Fmedia&parent=77589"}],"wp:term":[{"taxonomy":"category","embeddable":true,"href":"http:\/\/piekarska.com.pl\/index.php?rest_route=%2Fwp%2Fv2%2Fcategories&post=77589"},{"taxonomy":"post_tag","embeddable":true,"href":"http:\/\/piekarska.com.pl\/index.php?rest_route=%2Fwp%2Fv2%2Ftags&post=77589"}],"curies":[{"name":"wp","href":"https:\/\/api.w.org\/{rel}","templated":true}]}}