{"id":77605,"date":"2025-02-08T09:06:13","date_gmt":"2025-02-08T08:06:13","guid":{"rendered":"http:\/\/piekarska.com.pl\/?p=77605"},"modified":"2025-03-15T10:09:41","modified_gmt":"2025-03-15T09:09:41","slug":"1-numer-magazynu-literackiego-ksiazki-juz-do-kupienia-7","status":"publish","type":"post","link":"http:\/\/piekarska.com.pl\/?p=77605","title":{"rendered":"1 numer Magazynu Literackiego \u201cKsi\u0105\u017cki\u201d ju\u017c do kupienia"},"content":{"rendered":"\n<p><strong>Nowy Numer Magazynu Literackiego \u201cKsi\u0105\u017cki\u201d, kt\u00f3rego jestem sta\u0142\u0105 felietonistk\u0105, ju\u017c w ksi\u0119garniach, a w \u015brodku m.in.:<\/strong><\/p>\n\n\n<div class=\"wp-block-image\">\n<figure class=\"alignleft size-medium\"><a href=\"http:\/\/piekarska.com.pl\/wp-content\/uploads\/2025\/02\/MLK_okladka_1-2025-scaled-1.jpg\"><img loading=\"lazy\" decoding=\"async\" width=\"214\" height=\"300\" src=\"http:\/\/piekarska.com.pl\/wp-content\/uploads\/2025\/02\/MLK_okladka_1-2025-scaled-1-214x300.jpg\" alt=\"\" class=\"wp-image-77606\" srcset=\"http:\/\/piekarska.com.pl\/wp-content\/uploads\/2025\/02\/MLK_okladka_1-2025-scaled-1-214x300.jpg 214w, http:\/\/piekarska.com.pl\/wp-content\/uploads\/2025\/02\/MLK_okladka_1-2025-scaled-1-731x1024.jpg 731w, http:\/\/piekarska.com.pl\/wp-content\/uploads\/2025\/02\/MLK_okladka_1-2025-scaled-1-768x1076.jpg 768w, http:\/\/piekarska.com.pl\/wp-content\/uploads\/2025\/02\/MLK_okladka_1-2025-scaled-1-1096x1536.jpg 1096w, http:\/\/piekarska.com.pl\/wp-content\/uploads\/2025\/02\/MLK_okladka_1-2025-scaled-1-1462x2048.jpg 1462w, http:\/\/piekarska.com.pl\/wp-content\/uploads\/2025\/02\/MLK_okladka_1-2025-scaled-1.jpg 1827w\" sizes=\"auto, (max-width: 214px) 100vw, 214px\" \/><\/a><\/figure>\n<\/div>\n\n\n<ul class=\"wp-block-list\">\n<li>WYDARZENIA \/ Nagrody literackie, imprezy bran\u017cowe, konkursy <\/li>\n\n\n\n<li>IGNORANCJA TO SI\u0141A Bestsellery stycznia \/ EWA TENDERENDA-O\u017b\u00d3G, KRZYSZTOF MAS\u0141O\u0143 <\/li>\n\n\n\n<li>BESTSELLERY 2024 ROKU \/ EWA TENDERENDA-O\u017b\u00d3G <\/li>\n\n\n\n<li>BIBLIOTEKA WARSZAWSKIEJ AKTYWISTKI, CZYLI DOBRE WYPOSA\u017bENIE G\u0141OWY \u2013 Biblioteka by\u0142a i jest najcenniejsz\u0105 rzecz\u0105, jak\u0105 mia\u0142am i mam. Czytam codziennie, tak jak przez ca\u0142e \u017cycie. Ca\u0142y czas piel\u0119gnuj\u0119 spacery do ukochanych ksi\u0119garni, \u015bledz\u0119&nbsp; nowo\u015bci. Mam poczucie, \u017ce dla mnie to jedna z najwa\u017cniejszych czynno\u015bci \u017cyciowych. Pomaga mi znale\u017a\u0107 r\u00f3wnowag\u0119. Dzi\u0119ki czytaniu rozumiem, \u017ce cokolwiek si\u0119 dzieje, burze,&nbsp; konflikty, stresy, wi\u0119kszo\u015b\u0107 z nich jest chwilowa i nie zostaje po nich \u015blad, a moim podstawowym \u015bwiatem jest \u015bwiat moich lektur. To on pozwala mi zachowa\u0107 stabilno\u015b\u0107 i&nbsp; w\u0142a\u015bciwy dystans wobec spraw \/ Prywatna biblioteka AGATY DIDUSZKO-ZYGLEWSKIEJ <\/li>\n\n\n\n<li>POWAGA JEST TARCZ\u0104 G\u0141UPC\u00d3W Paradoksalnie przy \u201eGorsecie i szpadzie\u201d wybra\u0142em ten czas historyczny, o kt\u00f3rym wiedzia\u0142em niewiele. Ale zrobi\u0142em to z premedytacj\u0105, po to, \u017ceby nie bazowa\u0107 na tym, co ju\u017c&nbsp; wiem, ale wnikn\u0105\u0107 w t\u0119 epok\u0119, pozna\u0107 j\u0105 od podszewki, zobaczy\u0107, jak prezentowa\u0142y si\u0119 \u00f3wczesne stroje, sprawdzi\u0107, co wtedy jadano, a czego jeszcze nie by\u0142o na sto\u0142ach, zapozna\u0107&nbsp; si\u0119 z obyczajami i prze\u015bledzi\u0107, co rozgrzewa\u0142o wtedy ludzk\u0105 wyobra\u017ani\u0119 \/ Rozmowa z ALKIEM ROGOZI\u0143SKIM <\/li>\n\n\n\n<li>UZDRAWIAJ\u0104CA MOC KSI\u0104\u017bKI ORAZ INNE PARADOKSY \/ Felieton TADEUSZA LEWANDOWSKIEGO <\/li>\n\n\n\n<li>JESTE\u015aMY NARODEM CH\u0141OPSKIM W czasie dw\u00f3ch dni, w ci\u0105gu czterdziestu o\u015bmiu godzin, spalono pi\u0119\u0107set dwor\u00f3w i wyr\u017cni\u0119to oko\u0142o trzech tysi\u0119cy ludzi. Wyr\u017cni\u0119to, w dos\u0142ownym znaczeniu tego s\u0142owa. My bardzo&nbsp; ubolewamy nad Wo\u0142yniem i zbrodniami dokonanymi r\u0119kami obcego plemienia, bo to byli jednak Ukrai\u0144cy. Natomiast nasi rdzenni, w\u0142a\u015bni ch\u0142opi odreagowali sw\u00f3j ci\u0119\u017cki,&nbsp; niewolniczy los i wymordowali pan\u00f3w. Mo\u017cna, pos\u0142uguj\u0105c si\u0119 znanym z psychologii okre\u015bleniem, powiedzie\u0107, \u017ce ten krwawy, niesamowity akt zemsty zosta\u0142 niejako \u201ewyparty\u201d ze&nbsp; spo\u0142ecznej \u015bwiadomo\u015bci \/ Rozmowa ze STANIS\u0141AWEM BREJDYGANTEM <\/li>\n\n\n\n<li>POWR\u00d3T DO KORZENI \/ Rozmowa z JUSTYN\u0104 SOBOLEWSK\u0104 <\/li>\n\n\n\n<li>NAJM\u0141ODSZY OBYWATEL KO\u0143CZY 50 LAT, CZYLI \u201ePOLSKA \u2013 MOJA OJCZYZNA\u201d \/ Felieton MA\u0141GORZATY KAROLINY PIEKARSKIEJ <\/li>\n\n\n\n<li>\u015aMIERTELNIE MRO\u0179NE ZIMNO \/ Rozmowa z prof. KIMMO RENTOL\u0104 <\/li>\n\n\n\n<li>CIE\u0143 LENINA \/ PIOTR KITRASIEWICZ <\/li>\n\n\n\n<li>SAMOSPE\u0141NIAJ\u0104CA SI\u0118 PRZEPOWIEDNIA \/ Rozmowa z ADAMEM ZADWORNYM <\/li>\n\n\n\n<li>\u017bYCIE ARTYSTYCZNE BYDGOSZCZY W MI\u0118DZYWOJNIU \/ Rozmowa z DR BARBAR\u0104 CHOJNACK\u0104 <\/li>\n\n\n\n<li>WARSZAWSKI BEDEKER SENTYMENTALNY \/ MIROS\u0141AWA \u0141OMNICKA <\/li>\n\n\n\n<li>LAPTOP KONTRA WIATR \/ Refleksy JANINY KO\u0179BIEL <\/li>\n\n\n\n<li>MARIA KULIK POLECA \/ Ksi\u0105\u017cki dla dzieci i m\u0142odzie\u017cy <\/li>\n\n\n\n<li>KSI\u0104\u017bKI MIESI\u0104CA \/ Nasze szczeg\u00f3lne rekomendacje <\/li>\n\n\n\n<li>RECENZJE NOWO\u015aCI WYDAWNICZYCH<\/li>\n<\/ul>\n\n\n\n<p>Nowy numer dost\u0119pny jest te\u017c w sklepie:&nbsp;&nbsp;<a href=\"https:\/\/rynek-ksiazki.pl\/sklep\/magazyn-literacki-ksiazki-1-2025-wersja-pdf\/\">https:\/\/rynek-ksiazki.pl\/sklep\/magazyn-literacki-ksiazki-1-2025-wersja-pdf\/<\/a><\/p>\n","protected":false},"excerpt":{"rendered":"<p>Nowy Numer Magazynu Literackiego \u201cKsi\u0105\u017cki\u201d, kt\u00f3rego jestem sta\u0142\u0105 felietonistk\u0105, ju\u017c w ksi\u0119garniach, a w \u015brodku m.in.: Nowy numer dost\u0119pny jest te\u017c w sklepie:&nbsp;&nbsp;https:\/\/rynek-ksiazki.pl\/sklep\/magazyn-literacki-ksiazki-1-2025-wersja-pdf\/<\/p>\n","protected":false},"author":1,"featured_media":77606,"comment_status":"closed","ping_status":"open","sticky":false,"template":"","format":"standard","meta":{"_acf_changed":false,"footnotes":""},"categories":[1157,659,6],"tags":[700,122],"class_list":["post-77605","post","type-post","status-publish","format-standard","has-post-thumbnail","hentry","category-felieton","category-inne","category-nowosci","tag-felieton","tag-magazyn-literacki-ksiazki"],"acf":[],"_links":{"self":[{"href":"http:\/\/piekarska.com.pl\/index.php?rest_route=\/wp\/v2\/posts\/77605","targetHints":{"allow":["GET"]}}],"collection":[{"href":"http:\/\/piekarska.com.pl\/index.php?rest_route=\/wp\/v2\/posts"}],"about":[{"href":"http:\/\/piekarska.com.pl\/index.php?rest_route=\/wp\/v2\/types\/post"}],"author":[{"embeddable":true,"href":"http:\/\/piekarska.com.pl\/index.php?rest_route=\/wp\/v2\/users\/1"}],"replies":[{"embeddable":true,"href":"http:\/\/piekarska.com.pl\/index.php?rest_route=%2Fwp%2Fv2%2Fcomments&post=77605"}],"version-history":[{"count":2,"href":"http:\/\/piekarska.com.pl\/index.php?rest_route=\/wp\/v2\/posts\/77605\/revisions"}],"predecessor-version":[{"id":77627,"href":"http:\/\/piekarska.com.pl\/index.php?rest_route=\/wp\/v2\/posts\/77605\/revisions\/77627"}],"wp:featuredmedia":[{"embeddable":true,"href":"http:\/\/piekarska.com.pl\/index.php?rest_route=\/wp\/v2\/media\/77606"}],"wp:attachment":[{"href":"http:\/\/piekarska.com.pl\/index.php?rest_route=%2Fwp%2Fv2%2Fmedia&parent=77605"}],"wp:term":[{"taxonomy":"category","embeddable":true,"href":"http:\/\/piekarska.com.pl\/index.php?rest_route=%2Fwp%2Fv2%2Fcategories&post=77605"},{"taxonomy":"post_tag","embeddable":true,"href":"http:\/\/piekarska.com.pl\/index.php?rest_route=%2Fwp%2Fv2%2Ftags&post=77605"}],"curies":[{"name":"wp","href":"https:\/\/api.w.org\/{rel}","templated":true}]}}