{"id":77624,"date":"2025-03-15T10:04:55","date_gmt":"2025-03-15T09:04:55","guid":{"rendered":"http:\/\/piekarska.com.pl\/?p=77624"},"modified":"2025-03-15T10:10:09","modified_gmt":"2025-03-15T09:10:09","slug":"2-numer-magazynu-literackiego-ksiazki-juz-do-kupienia-8","status":"publish","type":"post","link":"http:\/\/piekarska.com.pl\/?p=77624","title":{"rendered":"2 numer Magazynu Literackiego \u201cKsi\u0105\u017cki\u201d ju\u017c do kupienia"},"content":{"rendered":"\n<p><strong>Nowy Numer Magazynu Literackiego \u201cKsi\u0105\u017cki\u201d, kt\u00f3rego jestem sta\u0142\u0105 felietonistk\u0105, ju\u017c w ksi\u0119garniach, a w \u015brodku m.in.:<\/strong><\/p>\n\n\n<div class=\"wp-block-image\">\n<figure class=\"alignleft size-medium\"><a href=\"http:\/\/piekarska.com.pl\/wp-content\/uploads\/2025\/03\/2025_eletroniczny-1-scaled-1.jpg\"><img loading=\"lazy\" decoding=\"async\" width=\"214\" height=\"300\" src=\"http:\/\/piekarska.com.pl\/wp-content\/uploads\/2025\/03\/2025_eletroniczny-1-scaled-1-214x300.jpg\" alt=\"\" class=\"wp-image-77625\" srcset=\"http:\/\/piekarska.com.pl\/wp-content\/uploads\/2025\/03\/2025_eletroniczny-1-scaled-1-214x300.jpg 214w, http:\/\/piekarska.com.pl\/wp-content\/uploads\/2025\/03\/2025_eletroniczny-1-scaled-1-731x1024.jpg 731w, http:\/\/piekarska.com.pl\/wp-content\/uploads\/2025\/03\/2025_eletroniczny-1-scaled-1-768x1076.jpg 768w, http:\/\/piekarska.com.pl\/wp-content\/uploads\/2025\/03\/2025_eletroniczny-1-scaled-1-1097x1536.jpg 1097w, http:\/\/piekarska.com.pl\/wp-content\/uploads\/2025\/03\/2025_eletroniczny-1-scaled-1-1462x2048.jpg 1462w, http:\/\/piekarska.com.pl\/wp-content\/uploads\/2025\/03\/2025_eletroniczny-1-scaled-1.jpg 1828w\" sizes=\"auto, (max-width: 214px) 100vw, 214px\" \/><\/a><\/figure>\n<\/div>\n\n\n<ul class=\"wp-block-list\">\n<li>WYDARZENIA \/ Nagrody literackie, imprezy bran\u017cowe, konkursy <\/li>\n\n\n\n<li>BUM SZAKALAKA Bestsellery lutego \/ EWA TENDERENDA-O\u017b\u00d3G, KRZYSZTOF MAS\u0141O\u0143 <\/li>\n\n\n\n<li>BESTSELLERY 2024 ROKU \/ EWA TENDERENDA-O\u017b\u00d3G <\/li>\n\n\n\n<li>BEZDOMNE MUZEUM BIBU\u0141Y, CZYLI 45 LAT ZBIERACTWA <br \/>W\u0142a\u015bciciel internetowego Muzeum Wolnego S\u0142owa jest kolekcjonerem wydawnictw drugiego obiegu. Sta\u0142 si\u0119 fachowcem od druk\u00f3w podziemnych, technik drukarskich prasy&nbsp; konspiracyjnej, cenzury, aktywno\u015bci esbeckiej w kr\u0119gach opozycyjnych i historii wszystkich wydawnictw niezale\u017cnych. \u2013 To by\u0142 czas, zw\u0142aszcza w stanie wojennym, gdzie ludzie&nbsp; robili co\u015b, bo by\u0142a taka potrzeba chwili. Zarywali noce, pracowali, czasami bez pieni\u0119dzy. Dzi\u015b ju\u017c cz\u0119sto nie pami\u0119taj\u0105, co i kto drukowa\u0142, a ja mam owoce ich pracy \/ Prywatna&nbsp; biblioteka KRZYSZTOFA BRONOWSKIEGO <\/li>\n\n\n\n<li>KSI\u0104\u017bKI ROKU 2024 W tym roku nagrody przyznali\u015bmy ju\u017c po raz 23. Przedstawiamy Ksi\u0105\u017cki Miesi\u0105ca, kt\u00f3re rekomendowali\u015bmy Czytelnikom w 2024 roku. To spo\u015br\u00f3d nich jury wybra\u0142o pi\u0119\u0107 Ksi\u0105\u017cek&nbsp; Roku. Prezentujemy te\u017c Wydawc\u0119 Roku, Audiobook Roku, Audioserial Roku oraz Wydarzenie Roku 2024 \/ EWA TENDERENDA-O\u017b\u00d3G <\/li>\n\n\n\n<li>APOKALIPSA KO\u0143CZY SI\u0118 ZNAKIEM NADZIEI Skrajnych interpretacji Apokalipsy jest wi\u0119cej, np. ca\u0142y nurt ameryka\u0144ski, bardzo ciekawy, w nim tak\u017ce ludzie sprzedawali ca\u0142e maj\u0105tki i szykowali si\u0119 na koniec \u015bwiata. Mamy&nbsp; r\u00f3wnie\u017c mniejsze grupy apokaliptyk\u00f3w w XX wieku w Stanach Zjednoczonych, takich postadwentystycznych, cho\u0107by Davida Koresha, czy wyznawc\u00f3w Jonesa w Gujanie, kt\u00f3rzy&nbsp; pope\u0142nili masowe samob\u00f3jstwo. To efekty nieodpowiedzialnego czytania Apokalipsy. A kiedy nak\u0142adamy j\u0105 wprost na kalk\u0119 polityczn\u0105 i uznajemy za opis naszych czas\u00f3w, to robi si\u0119 bardzo gro\u017anie \/ Rozmowa z TOMASZEM TERLIKOWSKIM <\/li>\n\n\n\n<li>GDYBY RODZICE CZ\u0118\u015aCIEJ SI\u0118GALI PO KSI\u0104\u017bKI SWYCH POCIECH, POZNALIBY LEPIEJ I SIEBIE, I W\u0141ASNE DZIECI Pisanie ksi\u0105\u017cek dla m\u0142odszego odbiorcy wymaga specjalnego j\u0119zyka i szczeg\u00f3lnej delikatno\u015bci. Dla autora przej\u015bcie z doros\u0142ej p\u00f3\u0142ki na t\u0119 wiekowo ni\u017csz\u0105 bywa problemem. I&nbsp; wyzwaniem. W Polsce tw\u00f3rczo\u015b\u0107 dzieci\u0119co-m\u0142odzie\u017cowa dopiero w ostatnich latach skutecznie walczy o zas\u0142u\u017con\u0105 pozycj\u0119, cho\u0107 wci\u0105\u017c pozostaje \u201eKopciuszkiem literatury\u201d. To&nbsp; ogromna niesprawiedliwo\u015b\u0107,&nbsp; zwa\u017cywszy, \u017ce \u0142atwiej jest pisa\u0107 dla r\u00f3wnolatk\u00f3w ni\u017c wybiera\u0107 si\u0119 na zupe\u0142nie obc\u0105 planet\u0119, do kt\u00f3rej klucz zgubili\u015bmy ju\u017c lata temu \/ Rozmowa z BARBAR\u0104 KOSMOWSK\u0104 <\/li>\n\n\n\n<li>NA \u015aMIER\u0106 BRATA \/ GRZEGORZ SOWULA <\/li>\n\n\n\n<li>PISARZ I JEGO NIEUCHWYTNY NOBEL \/ TOMASZ GARDZI\u0143SKI <\/li>\n\n\n\n<li>SK\u0104D NASZ POCZ\u0104TEK? \/ Felieton TADEUSZA LEWANDOWSKIEGO <\/li>\n\n\n\n<li>OD ABREWIACJI DO ZWI\u0118Z\u0141O\u015aCI PISMA \/ Felieton MA\u0141GORZATY KAROLINY PIEKARSKIEJ <\/li>\n\n\n\n<li>PRAWDA NIE ZNOSI MONOPOLU \/ SEBASTIAN WALCZAK <\/li>\n\n\n\n<li>BA\u0141TYCKI IMPULS \/ Rozmowa z ALEKSANDR\u0104 BO\u0106KOWSK\u0104 <\/li>\n\n\n\n<li>PISARZ I JEGO WIDMO \/ PIOTR KITRASIEWICZ <\/li>\n\n\n\n<li>KLISZE NASZE POWSZEDNIE \/ Refleksy JANINY KO\u0179BIEL <\/li>\n\n\n\n<li>GRATKA DLA CIEKAWYCH \u015aWIATA \/ MIROS\u0141AWA \u0141OMNICKA <\/li>\n\n\n\n<li>MARIA KULIK POLECA \/ Ksi\u0105\u017cki dla dzieci i m\u0142odzie\u017cy <\/li>\n\n\n\n<li>KSI\u0104\u017bKI MIESI\u0104CA \/ Nasze szczeg\u00f3lne rekomendacje <\/li>\n\n\n\n<li>RECENZJE NOWO\u015aCI WYDAWNICZYCH<\/li>\n<\/ul>\n\n\n\n<p>Nowy numer dost\u0119pny jest te\u017c w sklepie:&nbsp;<a href=\"https:\/\/rynek-ksiazki.pl\/sklep\/magazyn-literacki-ksiazki-2-2025-wersja-pdf\/\">https:\/\/rynek-ksiazki.pl\/sklep\/magazyn-literacki-ksiazki-2-2025-wersja-pdf\/<\/a>&nbsp;|&nbsp;<a href=\"https:\/\/rynek-ksiazki.pl\/\">Rynek ksi\u0105\u017cki<\/a><\/p>\n","protected":false},"excerpt":{"rendered":"<p>Nowy Numer Magazynu Literackiego \u201cKsi\u0105\u017cki\u201d, kt\u00f3rego jestem sta\u0142\u0105 felietonistk\u0105, ju\u017c w ksi\u0119garniach, a w \u015brodku m.in.: Nowy numer dost\u0119pny jest te\u017c w sklepie:&nbsp;https:\/\/rynek-ksiazki.pl\/sklep\/magazyn-literacki-ksiazki-2-2025-wersja-pdf\/&nbsp;|&nbsp;Rynek ksi\u0105\u017cki<\/p>\n","protected":false},"author":1,"featured_media":0,"comment_status":"closed","ping_status":"open","sticky":false,"template":"","format":"standard","meta":{"_acf_changed":false,"footnotes":""},"categories":[1157,659,6],"tags":[700,122],"class_list":["post-77624","post","type-post","status-publish","format-standard","hentry","category-felieton","category-inne","category-nowosci","tag-felieton","tag-magazyn-literacki-ksiazki"],"acf":[],"_links":{"self":[{"href":"http:\/\/piekarska.com.pl\/index.php?rest_route=\/wp\/v2\/posts\/77624","targetHints":{"allow":["GET"]}}],"collection":[{"href":"http:\/\/piekarska.com.pl\/index.php?rest_route=\/wp\/v2\/posts"}],"about":[{"href":"http:\/\/piekarska.com.pl\/index.php?rest_route=\/wp\/v2\/types\/post"}],"author":[{"embeddable":true,"href":"http:\/\/piekarska.com.pl\/index.php?rest_route=\/wp\/v2\/users\/1"}],"replies":[{"embeddable":true,"href":"http:\/\/piekarska.com.pl\/index.php?rest_route=%2Fwp%2Fv2%2Fcomments&post=77624"}],"version-history":[{"count":2,"href":"http:\/\/piekarska.com.pl\/index.php?rest_route=\/wp\/v2\/posts\/77624\/revisions"}],"predecessor-version":[{"id":77628,"href":"http:\/\/piekarska.com.pl\/index.php?rest_route=\/wp\/v2\/posts\/77624\/revisions\/77628"}],"wp:attachment":[{"href":"http:\/\/piekarska.com.pl\/index.php?rest_route=%2Fwp%2Fv2%2Fmedia&parent=77624"}],"wp:term":[{"taxonomy":"category","embeddable":true,"href":"http:\/\/piekarska.com.pl\/index.php?rest_route=%2Fwp%2Fv2%2Fcategories&post=77624"},{"taxonomy":"post_tag","embeddable":true,"href":"http:\/\/piekarska.com.pl\/index.php?rest_route=%2Fwp%2Fv2%2Ftags&post=77624"}],"curies":[{"name":"wp","href":"https:\/\/api.w.org\/{rel}","templated":true}]}}