{"id":77651,"date":"2025-05-02T10:56:23","date_gmt":"2025-05-02T08:56:23","guid":{"rendered":"http:\/\/piekarska.com.pl\/?p=77651"},"modified":"2025-05-21T11:07:15","modified_gmt":"2025-05-21T09:07:15","slug":"bitwa-warszawska-rok-1920","status":"publish","type":"post","link":"http:\/\/piekarska.com.pl\/?p=77651","title":{"rendered":"Bitwa warszawska. Rok 1920."},"content":{"rendered":"<div class=\"wp-block-image\">\n<figure class=\"alignleft size-medium\"><a href=\"http:\/\/piekarska.com.pl\/wp-content\/uploads\/2025\/05\/345bf868-radzymin.jpg\"><img loading=\"lazy\" decoding=\"async\" width=\"214\" height=\"300\" src=\"http:\/\/piekarska.com.pl\/wp-content\/uploads\/2025\/05\/345bf868-radzymin-214x300.jpg\" alt=\"\" class=\"wp-image-77657\" srcset=\"http:\/\/piekarska.com.pl\/wp-content\/uploads\/2025\/05\/345bf868-radzymin-214x300.jpg 214w, http:\/\/piekarska.com.pl\/wp-content\/uploads\/2025\/05\/345bf868-radzymin-732x1024.jpg 732w, http:\/\/piekarska.com.pl\/wp-content\/uploads\/2025\/05\/345bf868-radzymin-768x1075.jpg 768w, http:\/\/piekarska.com.pl\/wp-content\/uploads\/2025\/05\/345bf868-radzymin.jpg 793w\" sizes=\"auto, (max-width: 214px) 100vw, 214px\" \/><\/a><\/figure>\n<\/div>\n\n\n<p>Ukaza\u0142 si\u0119 katalog kolekcji kart pocztowych Mariana So\u0142obodowskiego pt. \u201eBitwa warszawska. Rok 1920\u201d. z moim esejem pt. \u201e<em>Jerzy Kossak (1886-1955) Malarz wojny polsko-bolszewickiej<\/em>\u201d. <\/p>\n\n\n\n<p>Wydawca o publikacji napisa\u0142:<\/p>\n\n\n\n<blockquote class=\"wp-block-quote is-layout-flow wp-block-quote-is-layout-flow\">\n<p>Zapraszamy do zapoznania si\u0119 z nasz\u0105 najnowsz\u0105 publikacj\u0105 prezentuj\u0105c\u0105 kolekcj\u0119 poczt\u00f3wek Mariana So\u0142obodowskiego, po\u015bwi\u0119con\u0105 tym razem tematowi Bitwy Warszawskiej 1920 roku.<\/p>\n\n\n\n<p>Odzwierciedla ona wszechstronne zainteresowania autora, mi\u0119dzy innymi histori\u0105, literatur\u0105, malarstwem i rze\u017ab\u0105. Karty pocztowe ze zbior\u00f3w Mariana So\u0142obodowskiego s\u0105 cz\u0119sto prezentowane na krajowych wystawach i ciesz\u0105 si\u0119 ogromnym zainteresowaniem.<br \/>Wi\u0119kszo\u015b\u0107 tych ekspozycji mia\u0142a sw\u00f3j pocz\u0105tek w Muzeum Niepodleg\u0142o\u015bci.<\/p>\n\n\n\n<p>Zbi\u00f3r katalogu otwiera karta pocztowa z lat 20. XX wieku, przedstawiaj\u0105ca map\u0119 Polski z wizerunkiem or\u0142a w koronie.<br \/>Wydana zosta\u0142a przez W. G\u0142\u00f3wczewskiego, wed\u0142ug litografii artystycznej J. Skolimowskiego.<br \/>Firma G\u0142\u00f3wczewskiego zosta\u0142a za\u0142o\u017cona w 1877 roku i mie\u015bci\u0142a si\u0119 na ulicy Chmielnej 18 w Warszawie.<\/p>\n<\/blockquote>\n\n\n\n<p>A publikacj\u0119 mo\u017cna pobra\u0107 tutaj: <a href=\"https:\/\/static.goout.cloud\/muzeumniepodlegloscipl\/2025\/04\/560d72f6-katalog-pocztowki-bitwa-warszawska-%E2%80%94-internet.pdf\" target=\"_blank\" rel=\"noreferrer noopener\">https:\/\/static.goout.cloud\/muzeumniepodlegloscipl\/2025\/04\/560d72f6-katalog-pocztowki-bitwa-warszawska-%E2%80%94-internet.pdf<\/a><\/p>\n","protected":false},"excerpt":{"rendered":"<p>Ukaza\u0142 si\u0119 katalog kolekcji kart pocztowych Mariana So\u0142obodowskiego pt. \u201eBitwa warszawska. Rok 1920\u201d. z moim esejem pt. \u201eJerzy Kossak (1886-1955) Malarz wojny polsko-bolszewickiej\u201d. Wydawca o publikacji napisa\u0142: Zapraszamy do zapoznania si\u0119 z nasz\u0105 najnowsz\u0105 publikacj\u0105 prezentuj\u0105c\u0105 kolekcj\u0119 poczt\u00f3wek Mariana So\u0142obodowskiego, &hellip; <a href=\"http:\/\/piekarska.com.pl\/?p=77651\">Continue reading <span class=\"meta-nav\">&rarr;<\/span><\/a><\/p>\n","protected":false},"author":1,"featured_media":77657,"comment_status":"closed","ping_status":"open","sticky":false,"template":"","format":"standard","meta":{"_acf_changed":false,"footnotes":""},"categories":[596,1168],"tags":[1183,1243,1147],"class_list":["post-77651","post","type-post","status-publish","format-standard","has-post-thumbnail","hentry","category-artykul","category-muzeum","tag-esej","tag-jerzy-kossak","tag-muzeum-niepodleglosci"],"acf":[],"_links":{"self":[{"href":"http:\/\/piekarska.com.pl\/index.php?rest_route=\/wp\/v2\/posts\/77651","targetHints":{"allow":["GET"]}}],"collection":[{"href":"http:\/\/piekarska.com.pl\/index.php?rest_route=\/wp\/v2\/posts"}],"about":[{"href":"http:\/\/piekarska.com.pl\/index.php?rest_route=\/wp\/v2\/types\/post"}],"author":[{"embeddable":true,"href":"http:\/\/piekarska.com.pl\/index.php?rest_route=\/wp\/v2\/users\/1"}],"replies":[{"embeddable":true,"href":"http:\/\/piekarska.com.pl\/index.php?rest_route=%2Fwp%2Fv2%2Fcomments&post=77651"}],"version-history":[{"count":2,"href":"http:\/\/piekarska.com.pl\/index.php?rest_route=\/wp\/v2\/posts\/77651\/revisions"}],"predecessor-version":[{"id":77658,"href":"http:\/\/piekarska.com.pl\/index.php?rest_route=\/wp\/v2\/posts\/77651\/revisions\/77658"}],"wp:featuredmedia":[{"embeddable":true,"href":"http:\/\/piekarska.com.pl\/index.php?rest_route=\/wp\/v2\/media\/77657"}],"wp:attachment":[{"href":"http:\/\/piekarska.com.pl\/index.php?rest_route=%2Fwp%2Fv2%2Fmedia&parent=77651"}],"wp:term":[{"taxonomy":"category","embeddable":true,"href":"http:\/\/piekarska.com.pl\/index.php?rest_route=%2Fwp%2Fv2%2Fcategories&post=77651"},{"taxonomy":"post_tag","embeddable":true,"href":"http:\/\/piekarska.com.pl\/index.php?rest_route=%2Fwp%2Fv2%2Ftags&post=77651"}],"curies":[{"name":"wp","href":"https:\/\/api.w.org\/{rel}","templated":true}]}}