{"id":77671,"date":"2025-05-21T11:58:06","date_gmt":"2025-05-21T09:58:06","guid":{"rendered":"http:\/\/piekarska.com.pl\/?p=77671"},"modified":"2025-05-21T11:58:58","modified_gmt":"2025-05-21T09:58:58","slug":"numer-2-37-2025-podgladu-juz-na-stronie-i-w-drukarni","status":"publish","type":"post","link":"http:\/\/piekarska.com.pl\/?p=77671","title":{"rendered":"Numer 2 (37)\/2025 \u201ePodgl\u0105du\u201d ju\u017c na stronie i w drukarni"},"content":{"rendered":"\n<p>Ukaza\u0142 si\u0119 w\u0142a\u015bnie drugi w tym roku numer Kwartalnika Literackiego \u201ePodgl\u0105d\u201d, wydawanego przez Oddzia\u0142 Warszawski Stowarzyszenia Pisarzy Polskich, kt\u00f3rego jestem pomys\u0142odawczyni\u0105 i od tego numeru ponownie Redaktor Naczeln\u0105. Kwartalnik jest bezp\u0142atny. Sfinansowany zosta\u0142 z funduszy w\u0142asnych Oddzia\u0142u Warszawskiego SPP przy niewielkim udziale prywatnych sponsor\u00f3w w postaci maj\u0119tniejszych cz\u0142onk\u00f3w.<\/p>\n\n\n<div class=\"wp-block-image\">\n<figure class=\"alignleft size-medium\"><a href=\"http:\/\/piekarska.com.pl\/wp-content\/uploads\/2025\/05\/Podglad_nr237_2025_okladka1_full.jpg\"><img loading=\"lazy\" decoding=\"async\" width=\"213\" height=\"300\" src=\"http:\/\/piekarska.com.pl\/wp-content\/uploads\/2025\/05\/Podglad_nr237_2025_okladka1_full-213x300.jpg\" alt=\"\" class=\"wp-image-77672\" srcset=\"http:\/\/piekarska.com.pl\/wp-content\/uploads\/2025\/05\/Podglad_nr237_2025_okladka1_full-213x300.jpg 213w, http:\/\/piekarska.com.pl\/wp-content\/uploads\/2025\/05\/Podglad_nr237_2025_okladka1_full-728x1024.jpg 728w, http:\/\/piekarska.com.pl\/wp-content\/uploads\/2025\/05\/Podglad_nr237_2025_okladka1_full-768x1081.jpg 768w, http:\/\/piekarska.com.pl\/wp-content\/uploads\/2025\/05\/Podglad_nr237_2025_okladka1_full-1092x1536.jpg 1092w, http:\/\/piekarska.com.pl\/wp-content\/uploads\/2025\/05\/Podglad_nr237_2025_okladka1_full-1456x2048.jpg 1456w, http:\/\/piekarska.com.pl\/wp-content\/uploads\/2025\/05\/Podglad_nr237_2025_okladka1_full.jpg 1708w\" sizes=\"auto, (max-width: 213px) 100vw, 213px\" \/><\/a><\/figure>\n<\/div>\n\n\n<p>Ka\u017cdy ch\u0119tny i ciekaw zawarto\u015bci kwartalnika, mo\u017ce zapozna\u0107 si\u0119 z jego tre\u015bci\u0105, bezp\u0142atnie pobieraj\u0105c pismo ze strony internetowej kwartalnika w formacie PDF, a tak\u017ce MOBI i EPUB. <a href=\"http:\/\/podglad.com.pl\/\">http:\/\/podglad.com.pl<\/a><\/p>\n\n\n\n<p>Nad numerem pracowa\u0142 zesp\u00f3\u0142 w sk\u0142adzie:<\/p>\n\n\n\n<p><strong>Redaktor Naczelny:<\/strong> Ma\u0142gorzata Karolina Piekarska<br \/><strong>Z-cy red. Naczelnego:&nbsp;<\/strong>Piotr M\u00fcldner-Nieckowski, Zbigniew Zbikowski<strong><br \/>Sekretarz Redakcji:<\/strong>&nbsp;Katarzyna Boru\u0144-Jagodzi\u0144ska<br \/><strong>Kolegium Redakcyjne:<\/strong> Krzysztof Bielecki, Katarzyna Boru\u0144-Jagodzi\u0144ska, Sylwia Gibaszek, Ma\u0142gorzata Str\u0119kowska-Zaremba, Ma\u0142gorzata Szyszko-Kondej.<br \/><strong>Korekta:<\/strong>&nbsp;Ma\u0142gorzata Str\u0119kowska-Zaremba, Zbigniew Zbikowski<\/p>\n\n\n\n<p><strong>Wydawca:<\/strong>&nbsp;Zarz\u0105d Oddzia\u0142u Warszawskiego SPP<br \/><strong>Sk\u0142ad i \u0142amanie:<\/strong>&nbsp;Piotr M\u00fcldner-Nieckowski<br \/><strong>Druk:<\/strong>&nbsp;Drukarnia&nbsp;Mazowieckie Centrum Poligrafii<\/p>\n\n\n<div class=\"wp-block-image\">\n<figure class=\"alignright size-medium\"><a href=\"http:\/\/piekarska.com.pl\/wp-content\/uploads\/2025\/05\/Podglad_nr237_2025_okladka4_full.jpg\"><img loading=\"lazy\" decoding=\"async\" width=\"213\" height=\"300\" src=\"http:\/\/piekarska.com.pl\/wp-content\/uploads\/2025\/05\/Podglad_nr237_2025_okladka4_full-213x300.jpg\" alt=\"\" class=\"wp-image-77673\" srcset=\"http:\/\/piekarska.com.pl\/wp-content\/uploads\/2025\/05\/Podglad_nr237_2025_okladka4_full-213x300.jpg 213w, http:\/\/piekarska.com.pl\/wp-content\/uploads\/2025\/05\/Podglad_nr237_2025_okladka4_full-728x1024.jpg 728w, http:\/\/piekarska.com.pl\/wp-content\/uploads\/2025\/05\/Podglad_nr237_2025_okladka4_full-768x1081.jpg 768w, http:\/\/piekarska.com.pl\/wp-content\/uploads\/2025\/05\/Podglad_nr237_2025_okladka4_full-1092x1536.jpg 1092w, http:\/\/piekarska.com.pl\/wp-content\/uploads\/2025\/05\/Podglad_nr237_2025_okladka4_full-1456x2048.jpg 1456w, http:\/\/piekarska.com.pl\/wp-content\/uploads\/2025\/05\/Podglad_nr237_2025_okladka4_full.jpg 1708w\" sizes=\"auto, (max-width: 213px) 100vw, 213px\" \/><\/a><\/figure>\n<\/div>\n\n\n<p><strong>A w \u015brodku\u2026<\/strong><\/p>\n\n\n\n<p>Opr\u00f3cz klasycznego prezesowskiego wst\u0119pniaka\u2026 i wie\u015bci z OW SPP tw\u00f3rczo\u015b\u0107 naszych cz\u0142onk\u00f3w (lub o tw\u00f3rczo\u015bci naszych cz\u0142onk\u00f3w) oraz t\u0142umaczonych przez nich autor\u00f3w. List\u0119 wszystkich nazwisk&nbsp;podajemy w porz\u0105dku alfabetycznym:<\/p>\n\n\n\n<ul class=\"wp-block-list\">\n<li>Jerzy Andrzejczak<\/li>\n\n\n\n<li>Mu Bai<\/li>\n\n\n\n<li>Maja Baczy\u0144ska<\/li>\n\n\n\n<li>Bogdan Baran<\/li>\n\n\n\n<li>Julia Bere\u017cko-Kami\u0144ska<\/li>\n\n\n\n<li>Krzysztof Be\u015bka<\/li>\n\n\n\n<li>Jerzy Binkowski<\/li>\n\n\n\n<li>Pawe\u0142 Bitka-Zapendowski<\/li>\n\n\n\n<li>Tamara Bo\u0142dak-Janowska<\/li>\n\n\n\n<li>Katarzyna Boru\u0144-Jagodzi\u0144ska<\/li>\n\n\n\n<li>Krzysztof Choi\u0144ski<\/li>\n\n\n\n<li>Stefan Chwin<\/li>\n\n\n\n<li>Ryszard Cz\u0119stochowski<\/li>\n\n\n\n<li>Danuta \u0106irli\u0107-Straszy\u0144ska<\/li>\n\n\n\n<li>Cezary Maciej D\u0105browski<\/li>\n\n\n\n<li>Micha\u0142 D\u0105browski<\/li>\n\n\n\n<li>Jordana Dranczuk<\/li>\n\n\n\n<li>Danuta Ga\u0142ecka-Krajewska<\/li>\n\n\n\n<li>Sylwia Gibaszek<\/li>\n\n\n\n<li>Joanna Jarecka-Gomez<\/li>\n\n\n\n<li>Huo Junming<\/li>\n\n\n\n<li>Eugeniusz Kasjanowicz<\/li>\n\n\n\n<li>Yang Ke<\/li>\n\n\n\n<li>Dawid Kornaga<\/li>\n\n\n\n<li>Piotr Kitrasiewicz<\/li>\n\n\n\n<li>Andrzej Ksi\u0105\u017cek<\/li>\n\n\n\n<li>Adam Kulik<\/li>\n\n\n\n<li>Gabriela Kurylewicz<\/li>\n\n\n\n<li>Agnieszka Lis<\/li>\n\n\n\n<li>Adam Majewski<\/li>\n\n\n\n<li>Jerzy Marciniak<\/li>\n\n\n\n<li>Dzwinka Matijasz<\/li>\n\n\n\n<li>Anna Maria Mickiewicz<\/li>\n\n\n\n<li>Piotr M\u00fcldner-Nieckowski<\/li>\n\n\n\n<li>Anna Nasi\u0142owska<\/li>\n\n\n\n<li>Olha Olchowa<\/li>\n\n\n\n<li>Anna Onichimowska<\/li>\n\n\n\n<li>Jan Anastaz Opasek<\/li>\n\n\n\n<li>Wies\u0142awa Oramus<\/li>\n\n\n\n<li>Alicja Patey-Grabowska<\/li>\n\n\n\n<li>Marek P\u0119kala<\/li>\n\n\n\n<li>Krzysztof Piechowicz<\/li>\n\n\n\n<li>Ma\u0142gorzata Karolina Piekarska<\/li>\n\n\n\n<li>Krzysztof Rudzi\u0144ski<\/li>\n\n\n\n<li>O\u0142ena Rybka<\/li>\n\n\n\n<li>Mariana Sawka<\/li>\n\n\n\n<li>Krzysztof Saturnin Schreyer<\/li>\n\n\n\n<li>Jan Str\u0119kowski<\/li>\n\n\n\n<li>Agnieszka Syska<\/li>\n\n\n\n<li>Kazimierz \u015awiegocki<\/li>\n\n\n\n<li>El\u017cbieta Wojnarowska<\/li>\n\n\n\n<li>Olga W\u00f3jcik<\/li>\n\n\n\n<li>Zbigniew Zbikowski<\/li>\n\n\n\n<li>Marta Zelwan<\/li>\n\n\n\n<li>Irena Zieli\u0144ska<\/li>\n<\/ul>\n","protected":false},"excerpt":{"rendered":"<p>Ukaza\u0142 si\u0119 w\u0142a\u015bnie drugi w tym roku numer Kwartalnika Literackiego \u201ePodgl\u0105d\u201d, wydawanego przez Oddzia\u0142 Warszawski Stowarzyszenia Pisarzy Polskich, kt\u00f3rego jestem pomys\u0142odawczyni\u0105 i od tego numeru ponownie Redaktor Naczeln\u0105. Kwartalnik jest bezp\u0142atny. Sfinansowany zosta\u0142 z funduszy w\u0142asnych Oddzia\u0142u Warszawskiego SPP przy &hellip; <a href=\"http:\/\/piekarska.com.pl\/?p=77671\">Continue reading <span class=\"meta-nav\">&rarr;<\/span><\/a><\/p>\n","protected":false},"author":1,"featured_media":77672,"comment_status":"closed","ping_status":"open","sticky":false,"template":"","format":"standard","meta":{"_acf_changed":false,"footnotes":""},"categories":[6],"tags":[244,205],"class_list":["post-77671","post","type-post","status-publish","format-standard","has-post-thumbnail","hentry","category-nowosci","tag-kwartalnik-literacki-podglad","tag-podglad"],"acf":[],"_links":{"self":[{"href":"http:\/\/piekarska.com.pl\/index.php?rest_route=\/wp\/v2\/posts\/77671","targetHints":{"allow":["GET"]}}],"collection":[{"href":"http:\/\/piekarska.com.pl\/index.php?rest_route=\/wp\/v2\/posts"}],"about":[{"href":"http:\/\/piekarska.com.pl\/index.php?rest_route=\/wp\/v2\/types\/post"}],"author":[{"embeddable":true,"href":"http:\/\/piekarska.com.pl\/index.php?rest_route=\/wp\/v2\/users\/1"}],"replies":[{"embeddable":true,"href":"http:\/\/piekarska.com.pl\/index.php?rest_route=%2Fwp%2Fv2%2Fcomments&post=77671"}],"version-history":[{"count":1,"href":"http:\/\/piekarska.com.pl\/index.php?rest_route=\/wp\/v2\/posts\/77671\/revisions"}],"predecessor-version":[{"id":77674,"href":"http:\/\/piekarska.com.pl\/index.php?rest_route=\/wp\/v2\/posts\/77671\/revisions\/77674"}],"wp:featuredmedia":[{"embeddable":true,"href":"http:\/\/piekarska.com.pl\/index.php?rest_route=\/wp\/v2\/media\/77672"}],"wp:attachment":[{"href":"http:\/\/piekarska.com.pl\/index.php?rest_route=%2Fwp%2Fv2%2Fmedia&parent=77671"}],"wp:term":[{"taxonomy":"category","embeddable":true,"href":"http:\/\/piekarska.com.pl\/index.php?rest_route=%2Fwp%2Fv2%2Fcategories&post=77671"},{"taxonomy":"post_tag","embeddable":true,"href":"http:\/\/piekarska.com.pl\/index.php?rest_route=%2Fwp%2Fv2%2Ftags&post=77671"}],"curies":[{"name":"wp","href":"https:\/\/api.w.org\/{rel}","templated":true}]}}