{"id":77690,"date":"2025-06-18T11:09:42","date_gmt":"2025-06-18T09:09:42","guid":{"rendered":"http:\/\/piekarska.com.pl\/?p=77690"},"modified":"2025-06-20T11:16:03","modified_gmt":"2025-06-20T09:16:03","slug":"v-swiatowy-festiwal-mlodziezy-i-studentow-warszawa-1955","status":"publish","type":"post","link":"http:\/\/piekarska.com.pl\/?p=77690","title":{"rendered":"V \u015aWIATOWY FESTIWAL M\u0141ODZIE\u017bY I STUDENT\u00d3W WARSZAWA 1955"},"content":{"rendered":"<div class=\"wp-block-image\">\n<figure class=\"alignleft size-medium\"><a href=\"http:\/\/piekarska.com.pl\/wp-content\/uploads\/2025\/06\/b59442d1-katalog-v-swiatowy-festiwal-mlodziezy-i-studentow-warszawa-1955-\u2014-internet_page-0001.jpg\"><img loading=\"lazy\" decoding=\"async\" width=\"300\" height=\"267\" src=\"http:\/\/piekarska.com.pl\/wp-content\/uploads\/2025\/06\/b59442d1-katalog-v-swiatowy-festiwal-mlodziezy-i-studentow-warszawa-1955-\u2014-internet_page-0001-300x267.jpg\" alt=\"\" class=\"wp-image-77691\" srcset=\"http:\/\/piekarska.com.pl\/wp-content\/uploads\/2025\/06\/b59442d1-katalog-v-swiatowy-festiwal-mlodziezy-i-studentow-warszawa-1955-\u2014-internet_page-0001-300x267.jpg 300w, http:\/\/piekarska.com.pl\/wp-content\/uploads\/2025\/06\/b59442d1-katalog-v-swiatowy-festiwal-mlodziezy-i-studentow-warszawa-1955-\u2014-internet_page-0001-1024x912.jpg 1024w, http:\/\/piekarska.com.pl\/wp-content\/uploads\/2025\/06\/b59442d1-katalog-v-swiatowy-festiwal-mlodziezy-i-studentow-warszawa-1955-\u2014-internet_page-0001-768x684.jpg 768w, http:\/\/piekarska.com.pl\/wp-content\/uploads\/2025\/06\/b59442d1-katalog-v-swiatowy-festiwal-mlodziezy-i-studentow-warszawa-1955-\u2014-internet_page-0001.jpg 1359w\" sizes=\"auto, (max-width: 300px) 100vw, 300px\" \/><\/a><\/figure>\n<\/div>\n\n\n<p>Ukaza\u0142a si\u0119 w\u0142a\u015bnie publikacja pt. \u201eV \u015bwiatowy festiwal M\u0142odzie\u017cy i Student\u00f3w Warszawa 1955\u201d. To katalog towarzysz\u0105cy wystawie przygotowanej z okazji 70-lecia wydarzenia. W \u015brodku m\u00f3j esej pt. \u201eWOJCIECH FANGOR \u2013 GUERNICA 1955 (NR. INW. M.118)\u201d.<\/p>\n\n\n\n<p>Wydawca na temat publikacji napisa\u0142:<\/p>\n\n\n\n<blockquote class=\"wp-block-quote is-layout-flow wp-block-quote-is-layout-flow\">\n<p>V \u015awiatowy Festiwal M\u0142odzie\u017cy i Student\u00f3w o Pok\u00f3j i Przyja\u017a\u0144 odby\u0142 si\u0119 w Warszawie w dniach 31 lipca \u2013 15 sierpnia 1955 roku, niemal dok\u0142adnie 70 lat temu. Towarzyszy\u0142y mu has\u0142a: \u201eNigdy wi\u0119cej wojny\u201d oraz \u201e\u017b\u0105damy zakazu broni atomowej\u201d.<\/p>\n\n\n\n<p>Latem 1955 roku do Warszawy przyjecha\u0142o ponad 26 tysi\u0119cy m\u0142odych ludzi ze 114 kraj\u00f3w. Festiwal stanowi\u0142 wa\u017cne do\u015bwiadczenie pokoleniowe dla m\u0142odzie\u017cy dorastaj\u0105cej w epoce stalinizmu, a dwutygodniowa obecno\u015b\u0107 kliku tysi\u0119cy cudzoziemc\u00f3w zmieni\u0142a mentalno\u015b\u0107 Polak\u00f3w.<\/p>\n\n\n\n<p>Wystawa w Muzeum Niepodleg\u0142o\u015bci prezentuje cenne pami\u0105tki po Festiwalu, w tym 12 oryginalnych projekt\u00f3w plakat\u00f3w stworzonych na konkurs og\u0142oszony przez Polski Komitet Festiwalowy, legitymacje uczestnik\u00f3w, chust\u0119 z haftem wykonanym przez delegat\u00f3w z Azji oraz znaczki festiwalowe.<\/p>\n\n\n\n<p>A bezp\u0142atny PDF publikacji mo\u017cna pobra\u0107 tutaj: <a href=\"https:\/\/static.goout.cloud\/muzeumniepodlegloscipl\/2025\/06\/de9acf94-publikacja-v-swiatowy-festiwal-mlodziezy-i-studentow-warszawa-1955.pdf\" target=\"_blank\" rel=\"noreferrer noopener\">https:\/\/static.goout.cloud\/muzeumniepodlegloscipl\/2025\/06\/de9acf94-publikacja-v-swiatowy-festiwal-mlodziezy-i-studentow-warszawa-1955.pdf<\/a><\/p>\n<\/blockquote>\n","protected":false},"excerpt":{"rendered":"<p>Ukaza\u0142a si\u0119 w\u0142a\u015bnie publikacja pt. \u201eV \u015bwiatowy festiwal M\u0142odzie\u017cy i Student\u00f3w Warszawa 1955\u201d. To katalog towarzysz\u0105cy wystawie przygotowanej z okazji 70-lecia wydarzenia. W \u015brodku m\u00f3j esej pt. \u201eWOJCIECH FANGOR \u2013 GUERNICA 1955 (NR. INW. M.118)\u201d. Wydawca na temat publikacji napisa\u0142: &hellip; <a href=\"http:\/\/piekarska.com.pl\/?p=77690\">Continue reading <span class=\"meta-nav\">&rarr;<\/span><\/a><\/p>\n","protected":false},"author":1,"featured_media":77691,"comment_status":"closed","ping_status":"open","sticky":false,"template":"","format":"standard","meta":{"_acf_changed":false,"footnotes":""},"categories":[596,1168,6],"tags":[1170,1147],"class_list":["post-77690","post","type-post","status-publish","format-standard","has-post-thumbnail","hentry","category-artykul","category-muzeum","category-nowosci","tag-katalog-wystawy","tag-muzeum-niepodleglosci"],"acf":[],"_links":{"self":[{"href":"http:\/\/piekarska.com.pl\/index.php?rest_route=\/wp\/v2\/posts\/77690","targetHints":{"allow":["GET"]}}],"collection":[{"href":"http:\/\/piekarska.com.pl\/index.php?rest_route=\/wp\/v2\/posts"}],"about":[{"href":"http:\/\/piekarska.com.pl\/index.php?rest_route=\/wp\/v2\/types\/post"}],"author":[{"embeddable":true,"href":"http:\/\/piekarska.com.pl\/index.php?rest_route=\/wp\/v2\/users\/1"}],"replies":[{"embeddable":true,"href":"http:\/\/piekarska.com.pl\/index.php?rest_route=%2Fwp%2Fv2%2Fcomments&post=77690"}],"version-history":[{"count":3,"href":"http:\/\/piekarska.com.pl\/index.php?rest_route=\/wp\/v2\/posts\/77690\/revisions"}],"predecessor-version":[{"id":77694,"href":"http:\/\/piekarska.com.pl\/index.php?rest_route=\/wp\/v2\/posts\/77690\/revisions\/77694"}],"wp:featuredmedia":[{"embeddable":true,"href":"http:\/\/piekarska.com.pl\/index.php?rest_route=\/wp\/v2\/media\/77691"}],"wp:attachment":[{"href":"http:\/\/piekarska.com.pl\/index.php?rest_route=%2Fwp%2Fv2%2Fmedia&parent=77690"}],"wp:term":[{"taxonomy":"category","embeddable":true,"href":"http:\/\/piekarska.com.pl\/index.php?rest_route=%2Fwp%2Fv2%2Fcategories&post=77690"},{"taxonomy":"post_tag","embeddable":true,"href":"http:\/\/piekarska.com.pl\/index.php?rest_route=%2Fwp%2Fv2%2Ftags&post=77690"}],"curies":[{"name":"wp","href":"https:\/\/api.w.org\/{rel}","templated":true}]}}