{"id":77695,"date":"2025-06-20T11:27:28","date_gmt":"2025-06-20T09:27:28","guid":{"rendered":"http:\/\/piekarska.com.pl\/?p=77695"},"modified":"2025-06-20T11:27:29","modified_gmt":"2025-06-20T09:27:29","slug":"imieniny-jana-kochanowskiego-2025","status":"publish","type":"post","link":"http:\/\/piekarska.com.pl\/?p=77695","title":{"rendered":"Imieniny Jana Kochanowskiego 2025"},"content":{"rendered":"\n<p>Serdecznie zapraszam na tegoroczne imieniny Jana Kochanowskiego. <\/p>\n\n\n\n<p>Literacki piknik Biblioteki Narodowej odb\u0119dzie si\u0119 w tym roku ju\u017c po raz trzynasty \u2013 tym razem przyjrzymy si\u0119 \u017cyciu Marii Pawlikowskiej-Jasnorzewskiej i tematom, kt\u00f3re podejmowa\u0142a w swojej tw\u00f3rczo\u015bci \u2013 z wra\u017cliwo\u015bci\u0105 blisk\u0105 dzisiejszemu odbiorcy i w odniesieniu do z\u0142o\u017cono\u015bci wsp\u00f3\u0142czesnego \u015bwiata. W programie znalaz\u0142y si\u0119 te\u017c dyskusje, kt\u00f3re nie odnosz\u0105 si\u0119 bezpo\u015brednio do postaci poetki, ale poruszaj\u0105 kwestie wa\u017cne \u2013 lub po prostu ciekawe \u2013 z perspektywy dzisiejszego \u017cycia literackiego. Z zaproszonymi ekspertami porozmawiamy mi\u0119dzy innymi o pracy pisarskiej i wydawaniu ksi\u0105\u017cek w dobie sztucznej inteligencji czy popularno\u015bci literackich nagr\u00f3d i podsumowa\u0144.<\/p>\n\n\n\n<figure class=\"wp-block-image size-large\"><a href=\"http:\/\/piekarska.com.pl\/wp-content\/uploads\/2025\/06\/488317051_908812531478122_8804942815567168019_n.jpg\"><img loading=\"lazy\" decoding=\"async\" width=\"1024\" height=\"536\" src=\"http:\/\/piekarska.com.pl\/wp-content\/uploads\/2025\/06\/488317051_908812531478122_8804942815567168019_n-1024x536.jpg\" alt=\"\" class=\"wp-image-77696\" srcset=\"http:\/\/piekarska.com.pl\/wp-content\/uploads\/2025\/06\/488317051_908812531478122_8804942815567168019_n-1024x536.jpg 1024w, http:\/\/piekarska.com.pl\/wp-content\/uploads\/2025\/06\/488317051_908812531478122_8804942815567168019_n-300x157.jpg 300w, http:\/\/piekarska.com.pl\/wp-content\/uploads\/2025\/06\/488317051_908812531478122_8804942815567168019_n-768x402.jpg 768w, http:\/\/piekarska.com.pl\/wp-content\/uploads\/2025\/06\/488317051_908812531478122_8804942815567168019_n-1536x804.jpg 1536w, http:\/\/piekarska.com.pl\/wp-content\/uploads\/2025\/06\/488317051_908812531478122_8804942815567168019_n.jpg 1920w\" sizes=\"auto, (max-width: 1024px) 100vw, 1024px\" \/><\/a><\/figure>\n\n\n\n<p>Jak co roku w <strong>Ogrodzie Krasi\u0144skich<\/strong> stan\u0105 stoiska kilkudziesi\u0119ciu wydawnictw \u2013 imieninowe targi to okazja do zakup\u00f3w w imieninowych, promocyjnych cenach oraz spotka\u0144 z ulubionymi pisarkami i pisarzami. Sta\u0142e punkty programu, bez kt\u00f3rych nie wyobra\u017camy sobie Imienin Jana Kochanowskiego \u2013 mecz poetycki, wykonanie \u201ePie\u015bni \u015bwi\u0119toja\u0144skiej o Sob\u00f3tce\u201d czy dansing \u2013 b\u0119d\u0105! Nie zapomnimy te\u017c o atrakcjach dla najm\u0142odszych czytelnik\u00f3w.<\/p>\n\n\n\n<p>Ze mn\u0105 spotka\u0107 si\u0119 b\u0119dzie mo\u017cna <strong>na stoisku Stowarzyszenia Pisarzy Polskich<\/strong> w godzinach <strong>14:00 &#8211; 16:00. <\/strong>Zapraszam serdecznie.<\/p>\n\n\n<div class=\"wp-block-image\">\n<figure class=\"aligncenter size-full\"><a href=\"http:\/\/piekarska.com.pl\/wp-content\/uploads\/2014\/12\/podpis.jpg\"><img loading=\"lazy\" decoding=\"async\" width=\"264\" height=\"31\" src=\"http:\/\/piekarska.com.pl\/wp-content\/uploads\/2014\/12\/podpis.jpg\" alt=\"\" class=\"wp-image-26\"\/><\/a><\/figure>\n<\/div>\n\n\n<p><\/p>\n","protected":false},"excerpt":{"rendered":"<p>Serdecznie zapraszam na tegoroczne imieniny Jana Kochanowskiego. Literacki piknik Biblioteki Narodowej odb\u0119dzie si\u0119 w tym roku ju\u017c po raz trzynasty \u2013 tym razem przyjrzymy si\u0119 \u017cyciu Marii Pawlikowskiej-Jasnorzewskiej i tematom, kt\u00f3re podejmowa\u0142a w swojej tw\u00f3rczo\u015bci \u2013 z wra\u017cliwo\u015bci\u0105 blisk\u0105 dzisiejszemu &hellip; <a href=\"http:\/\/piekarska.com.pl\/?p=77695\">Continue reading <span class=\"meta-nav\">&rarr;<\/span><\/a><\/p>\n","protected":false},"author":1,"featured_media":77696,"comment_status":"closed","ping_status":"open","sticky":false,"template":"","format":"standard","meta":{"_acf_changed":false,"footnotes":""},"categories":[5],"tags":[789],"class_list":["post-77695","post","type-post","status-publish","format-standard","has-post-thumbnail","hentry","category-spotkania","tag-imieniny-jana-kochanowskiego"],"acf":[],"_links":{"self":[{"href":"http:\/\/piekarska.com.pl\/index.php?rest_route=\/wp\/v2\/posts\/77695","targetHints":{"allow":["GET"]}}],"collection":[{"href":"http:\/\/piekarska.com.pl\/index.php?rest_route=\/wp\/v2\/posts"}],"about":[{"href":"http:\/\/piekarska.com.pl\/index.php?rest_route=\/wp\/v2\/types\/post"}],"author":[{"embeddable":true,"href":"http:\/\/piekarska.com.pl\/index.php?rest_route=\/wp\/v2\/users\/1"}],"replies":[{"embeddable":true,"href":"http:\/\/piekarska.com.pl\/index.php?rest_route=%2Fwp%2Fv2%2Fcomments&post=77695"}],"version-history":[{"count":1,"href":"http:\/\/piekarska.com.pl\/index.php?rest_route=\/wp\/v2\/posts\/77695\/revisions"}],"predecessor-version":[{"id":77697,"href":"http:\/\/piekarska.com.pl\/index.php?rest_route=\/wp\/v2\/posts\/77695\/revisions\/77697"}],"wp:featuredmedia":[{"embeddable":true,"href":"http:\/\/piekarska.com.pl\/index.php?rest_route=\/wp\/v2\/media\/77696"}],"wp:attachment":[{"href":"http:\/\/piekarska.com.pl\/index.php?rest_route=%2Fwp%2Fv2%2Fmedia&parent=77695"}],"wp:term":[{"taxonomy":"category","embeddable":true,"href":"http:\/\/piekarska.com.pl\/index.php?rest_route=%2Fwp%2Fv2%2Fcategories&post=77695"},{"taxonomy":"post_tag","embeddable":true,"href":"http:\/\/piekarska.com.pl\/index.php?rest_route=%2Fwp%2Fv2%2Ftags&post=77695"}],"curies":[{"name":"wp","href":"https:\/\/api.w.org\/{rel}","templated":true}]}}