{"id":77709,"date":"2025-07-19T13:25:30","date_gmt":"2025-07-19T11:25:30","guid":{"rendered":"http:\/\/piekarska.com.pl\/?p=77709"},"modified":"2025-12-14T14:06:27","modified_gmt":"2025-12-14T13:06:27","slug":"90-numer-niepodleglosc-i-pamiec","status":"publish","type":"post","link":"http:\/\/piekarska.com.pl\/?p=77709","title":{"rendered":"90 numer Niepodleg\u0142o\u015b\u0107 i Pami\u0119\u0107"},"content":{"rendered":"<div class=\"wp-block-image\">\n<figure class=\"alignleft size-full\"><a href=\"http:\/\/piekarska.com.pl\/wp-content\/uploads\/2025\/07\/image.png\"><img loading=\"lazy\" decoding=\"async\" width=\"374\" height=\"574\" src=\"http:\/\/piekarska.com.pl\/wp-content\/uploads\/2025\/07\/image.png\" alt=\"\" class=\"wp-image-77711\" srcset=\"http:\/\/piekarska.com.pl\/wp-content\/uploads\/2025\/07\/image.png 374w, http:\/\/piekarska.com.pl\/wp-content\/uploads\/2025\/07\/image-195x300.png 195w\" sizes=\"auto, (max-width: 374px) 100vw, 374px\" \/><\/a><\/figure>\n<\/div>\n\n\n<p>W najnowszym (90) numerze kwartalnika \u201cNiepodleg\u0142o\u015b\u0107 i Pami\u0119\u0107\u201d wydawanego przez Muzeum Niepodleg\u0142o\u015bci w Warszawie m\u00f3j artyku\u0142.<\/p>\n\n\n\n<blockquote class=\"wp-block-quote is-layout-flow wp-block-quote-is-layout-flow\">\n<p>Kwartalnik ukazuje si\u0119 od 1994 roku i po\u015bwi\u0119cony&nbsp;jest ojczystej historii, kulturze i sztuce, wiele uwagi staramy si\u0119 po\u015bwi\u0119ci\u0107 zagadnieniom dotycz\u0105cym polskich ruch\u00f3w niepodleg\u0142o\u015bciowych, spo\u0142ecznych i obywatelskich na przestrzeni XVIII\u2013XX wieku.<\/p>\n<\/blockquote>\n\n\n\n<blockquote class=\"wp-block-quote is-layout-flow wp-block-quote-is-layout-flow\">\n<p>Na \u0142amach&nbsp;czasopisma Niepodleg\u0142o\u015b\u0107 i Pami\u0119\u0107&nbsp;przedstawiamy artyku\u0142y, materia\u0142y po\u015bwi\u0119cone&nbsp;muzealnictwu, a wi\u0119c sektorowi, w kt\u00f3rym czynnie uczestniczy&nbsp;Muzeum Niepodleg\u0142o\u015bci w Warszawie, \u017ar\u00f3d\u0142a, recenzje, bibliografie. Mamy nadziej\u0119, \u017ce czasopismo Niepodleg\u0142o\u015b\u0107 i Pami\u0119\u0107&nbsp;stanie si\u0119 nie tylko miejscem, w kt\u00f3rym b\u0119dziemy dzieli\u0107 si\u0119 z Pa\u0144stwem wiedz\u0105, ale tak\u017ce polem dla tw\u00f3rczych polemik, toczonych z naukowcami oraz najwa\u017cniejszymi instytucjami w kraju i na \u015bwiecie.<\/p>\n<\/blockquote>\n\n\n\n<blockquote class=\"wp-block-quote is-layout-flow wp-block-quote-is-layout-flow\">\n<p>Druk czasopisma Niepodleg\u0142o\u015b\u0107 i Pami\u0119\u0107&nbsp;jest mo\u017cliwy dzi\u0119ki dofinansowaniu&nbsp;<em>ze \u015brodk\u00f3w Ministra Kultury i Dziedzictwa Narodowego pochodz\u0105cych z Funduszu Promocji Kultury oraz ze \u015brodk\u00f3w Samorz\u0105du Wojew\u00f3dztwa Mazowieckiego.<\/em><\/p>\n<\/blockquote>\n\n\n\n<p>Archiwalne numery czasopisma Niepodleg\u0142o\u015b\u0107 i Pami\u0119\u0107 s\u0105 dost\u0119pne r\u00f3wnie\u017c w Federacji Bibliotek Cyfrowych oraz na stronie Mazowieckiej Biblioteki Cyfrowej.&nbsp;<\/p>\n\n\n\n<p><strong>W najnowszym 90 numerze:<\/strong><\/p>\n\n\n\n<p>Spis tre\u015bci:<\/p>\n\n\n\n<ul class=\"wp-block-list\">\n<li>Tadeusz Skoczek, Kwartalnik muzealny w rozwoju <\/li>\n<\/ul>\n\n\n\n<p>ARTYKU\u0141Y<\/p>\n\n\n\n<ul class=\"wp-block-list\">\n<li>Janusz Szczepa\u0144ski, Akcja werbunkowa do Legion\u00f3w Polskich w P\u0142ocku wiosn\u0105 1915 roku <\/li>\n\n\n\n<li>Barbara Trygar, Krzysztof Kamil Baczy\u0144ski, starszy strzelec podchor\u0105\u017cy Armii Krajowej, podharcmistrz Szarych Szereg\u00f3w, poeta, przedstawiciel pokolenia Kolumb\u00f3w <\/li>\n\n\n\n<li>Mateusz Raty\u0144ski, Edward Adolf Pep\u0142owski (1880\u22121960). In\u017cynier, minister pracy i opieki spo\u0142ecznej, senator <\/li>\n\n\n\n<li>Marcin B\u0142aszczyk, Wk\u0142ad gen. Kazimierza Sosnkowskiego w organizacj\u0119 Wojska Polskiego oraz w odparcie najazdu bolszewickiej Rosji <\/li>\n\n\n\n<li>Maciej Bia\u0142ecki, Biogramy Powsta\u0144c\u00f3w Warszawskich. Henryk Kotarski (1923\u20132008) \u2013 Powstaniec Warszawski, tw\u00f3rca kabaretowy i poeta <\/li>\n<\/ul>\n\n\n\n<p>MUZEALNICTWO. Materia\u0142y. Sprawozdania. Om\u00f3wienia<\/p>\n\n\n\n<ul class=\"wp-block-list\">\n<li>J\u00f3zef Szczepa\u0144czyk, Pomnik Wincentego Witosa w Kielcach \u2013 historia powstania <\/li>\n\n\n\n<li>Dorota Panowek, Kronika wydarze\u0144 Muzeum Niepodleg\u0142o\u015bci (pa\u017adziernik, listopad, grudzie\u0144 2024) <\/li>\n\n\n\n<li>Marta Brodala, Podsumowanie wystawy czasowej \u201eZima w plakacie\u201d<\/li>\n\n\n\n<li>Lech Marchlewski, Debata historyczna \u201eO Woln\u0105 i Niepodleg\u0142\u0105\u201d<\/li>\n\n\n\n<li>Janusz Gmitruk, Gromniczna w Muzeum Niepodleg\u0142o\u015bci <\/li>\n\n\n\n<li>Piotr Maro\u0144ski, \u201eBiuletyn Informacyjny\u201d jako organ prasowy  \u015awiatowego Zwi\u0105zku \u017bo\u0142nierzy Armii Krajowej<\/li>\n<\/ul>\n\n\n\n<p>\u0179R\u00d3D\u0141A. Relacje. Wspomnienia<\/p>\n\n\n\n<ul class=\"wp-block-list\">\n<li>Ma\u0142gorzata Karolina Piekarska, Archiwum fotograficzne Macieja Piekarskiego w zbiorach Archiwum Akt Nowych i\u2026 Muzeum Niepodleg\u0142o\u015bci<\/li>\n\n\n\n<li>Marcin \u0141ukasz Majewski, Brzeskie i piotrkowskie losy Tusneldy z Orzechowskich Zacierki (1919\u22122022). Wywiad. Cz\u0119\u015b\u0107 II. W Piotrkowie i Ravensbr\u00fcck (1940\u22121945)<\/li>\n\n\n\n<li>Stefan Artymowski, Od Victorii do Kotwicy. Historia znaku Polski Walcz\u0105cej <\/li>\n\n\n\n<li>Henryk Nicpo\u0144, Jak w\u0142adza kupi\u0142a prokurator\u00f3w. Wywiad z Aleksandrem Bentkowskim, pierwszym ministrem sprawiedliwo\u015bci po 1989 roku<\/li>\n\n\n\n<li>Andrzej Domagalski, Archiwum kultury studenckiej. Lubaszenko: pierwszy laureat konkursu, Tomczak: pasjonat piosenki autorskiej, \u015alazyk: powiew \u015bwie\u017co\u015bci <\/li>\n\n\n\n<li>Waldemar Janda, Archiwum kultury studenckiej. List, wspomnienie na zam\u00f3wienie <\/li>\n\n\n\n<li>S\u0142awomir Rogowski, Archiwum kultury studenckiej. Historia i rozw\u00f3j Dyskusyjnych Klub\u00f3w Filmowych \u015brodowiska akademickiego w Polsce. Wybrane przyk\u0142ady <\/li>\n\n\n\n<li>Kultura studencka. Bibliografia. Zbiory Muzeum Niepodleg\u0142o\u015bci, opracowa\u0142a Halina Murawska <\/li>\n<\/ul>\n\n\n\n<p>RECENZJE. Noty. Bibliografie<\/p>\n\n\n\n<ul class=\"wp-block-list\">\n<li>Grzegorz Kuba, Szachy, karty, wr\u00f3\u017cby. Rozrywka w muzealnych gablotach (Wszystko gra. As bierze raz. Z kartami w niewoli i na wolno\u015bci, red. T. Skoczek, Muzeum Niepodleg\u0142o\u015bci, Warszawa 2024; Wszystko gra. Szach i mat. Szachy w drodze do niepodleg\u0142o\u015bci, red. T. Skoczek, Muzeum Niepodleg\u0142o\u015bci, Warszawa 2024) <\/li>\n\n\n\n<li>Ma\u0142gorzata Karolina Piekarska, \u201eKinderzimmer\u201d. Na podstawie powie\u015bciValentine Goby (Ivan Gros, Kinderzimmer: d\u2019apr\u00e8s le roman de Valentine Goby, ACTES SUD)\/<\/li>\n\n\n\n<li>Janusz Gmitruk, Dba\u0142o\u015b\u0107 o spu\u015bcizn\u0119 podhala\u0144skiego dziedzictwa kulturowego (W\u0142adys\u0142aw Orkan, Wskazania, Reprint wydawnictwa z roku 1930, red. T. Skoczek, Muzeum Niepodleg\u0142o\u015bci, Warszawa 2024) <\/li>\n\n\n\n<li>Patrycja Siel\u0105g, Od j\u0119drzejowskiej wsi do \u0142aw sejmowych w Warszawie. \u201ePami\u0119tnik\u201d Andrzeja Walerona (Andrzej Waleron, Pami\u0119tnik, wst\u0119p i oprac. M. Raty\u0144ski, Instytut My\u015bli Politycznej im. Gabriela Narutowicza, Instytut Wydawniczy Ksi\u0105\u017cka i Prasa, Warszawa 2025) <\/li>\n\n\n\n<li>Andrzej Kotecki, Z dziej\u00f3w muzealnictwa Gda\u0144ska i Pomorza (Tera\u017aniejszo\u015b\u0107 dla przesz\u0142o\u015bci. Muzealnictwo i historiografia w Gda\u0144sku i na Pomorzu do roku 1945, red. E. Barylewska-Szyma\u0144ska, Muzeum Gda\u0144ska, IH PAN, Gda\u0144sk 2021; Tera\u017aniejszo\u015b\u0107 dla przesz\u0142o\u015bci. Muzealnictwo i historiografia w Gda\u0144sku i na Pomorzu po roku 1945, red. E. Barylewska-Szyma\u0144ska, S. Bykowska, Muzeum Gda\u0144ska, IH PAN, Gda\u0144sk 2024) <\/li>\n<\/ul>\n\n\n\n<p>NASI AUTORZY<\/p>\n\n\n\n<p>PDF numeru mo\u017cna pobra\u0107 tu:&nbsp;<a href=\"https:\/\/niepodlegloscpamiec.pl\/lib\/mlwrf9\/NIP-1-2025---do-Internetu-srodek-poprawiony-mcuax73f.pdf\" target=\"_blank\" rel=\"noreferrer noopener\">https:\/\/niepodlegloscpamiec.pl\/lib\/mlwrf9\/NIP-1-2025&#8212;do-Internetu-srodek-poprawiony-mcuax73f.pdf<\/a><\/p>\n\n\n\n<p><\/p>\n","protected":false},"excerpt":{"rendered":"<p>W najnowszym (90) numerze kwartalnika \u201cNiepodleg\u0142o\u015b\u0107 i Pami\u0119\u0107\u201d wydawanego przez Muzeum Niepodleg\u0142o\u015bci w Warszawie m\u00f3j artyku\u0142. Kwartalnik ukazuje si\u0119 od 1994 roku i po\u015bwi\u0119cony&nbsp;jest ojczystej historii, kulturze i sztuce, wiele uwagi staramy si\u0119 po\u015bwi\u0119ci\u0107 zagadnieniom dotycz\u0105cym polskich ruch\u00f3w niepodleg\u0142o\u015bciowych, spo\u0142ecznych &hellip; <a href=\"http:\/\/piekarska.com.pl\/?p=77709\">Continue reading <span class=\"meta-nav\">&rarr;<\/span><\/a><\/p>\n","protected":false},"author":1,"featured_media":77711,"comment_status":"closed","ping_status":"open","sticky":false,"template":"","format":"standard","meta":{"_acf_changed":false,"footnotes":""},"categories":[596],"tags":[135,1149],"class_list":["post-77709","post","type-post","status-publish","format-standard","has-post-thumbnail","hentry","category-artykul","tag-artykul","tag-niepodleglosc-i-pamiec"],"acf":[],"_links":{"self":[{"href":"http:\/\/piekarska.com.pl\/index.php?rest_route=\/wp\/v2\/posts\/77709","targetHints":{"allow":["GET"]}}],"collection":[{"href":"http:\/\/piekarska.com.pl\/index.php?rest_route=\/wp\/v2\/posts"}],"about":[{"href":"http:\/\/piekarska.com.pl\/index.php?rest_route=\/wp\/v2\/types\/post"}],"author":[{"embeddable":true,"href":"http:\/\/piekarska.com.pl\/index.php?rest_route=\/wp\/v2\/users\/1"}],"replies":[{"embeddable":true,"href":"http:\/\/piekarska.com.pl\/index.php?rest_route=%2Fwp%2Fv2%2Fcomments&post=77709"}],"version-history":[{"count":3,"href":"http:\/\/piekarska.com.pl\/index.php?rest_route=\/wp\/v2\/posts\/77709\/revisions"}],"predecessor-version":[{"id":77892,"href":"http:\/\/piekarska.com.pl\/index.php?rest_route=\/wp\/v2\/posts\/77709\/revisions\/77892"}],"wp:featuredmedia":[{"embeddable":true,"href":"http:\/\/piekarska.com.pl\/index.php?rest_route=\/wp\/v2\/media\/77711"}],"wp:attachment":[{"href":"http:\/\/piekarska.com.pl\/index.php?rest_route=%2Fwp%2Fv2%2Fmedia&parent=77709"}],"wp:term":[{"taxonomy":"category","embeddable":true,"href":"http:\/\/piekarska.com.pl\/index.php?rest_route=%2Fwp%2Fv2%2Fcategories&post=77709"},{"taxonomy":"post_tag","embeddable":true,"href":"http:\/\/piekarska.com.pl\/index.php?rest_route=%2Fwp%2Fv2%2Ftags&post=77709"}],"curies":[{"name":"wp","href":"https:\/\/api.w.org\/{rel}","templated":true}]}}