{"id":77713,"date":"2025-07-16T14:04:39","date_gmt":"2025-07-16T12:04:39","guid":{"rendered":"http:\/\/piekarska.com.pl\/?p=77713"},"modified":"2025-07-19T14:05:03","modified_gmt":"2025-07-19T12:05:03","slug":"miedzy-apologia-a-negacja","status":"publish","type":"post","link":"http:\/\/piekarska.com.pl\/?p=77713","title":{"rendered":"Mi\u0119dzy apologi\u0105 a negacj\u0105"},"content":{"rendered":"\n<p>Ukaza\u0142y si\u0119 w\u0142a\u015bnie materia\u0142y pokonferencyjne z konferencji naukowej po\u015bwi\u0119conej ksi\u0119\u017com katolickim i ich roli w ruchu ludowym, a zatytu\u0142owanej:\u00a0<strong>Mi\u0119dzy apologi\u0105 a negacj\u0105. Ruch ludowy a ko\u015bci\u00f3\u0142 katolicki. Zarys dziej\u00f3w wsp\u00f3\u0142istnienia<\/strong>, kt\u00f3ra odby\u0142a si\u0119 27 lutego 2025 roku w Muzeum Historii Polskiego Ruchu Ludowego.<\/p>\n\n\n\n<p>W publikacji znalaz\u0142 si\u0119 m\u00f3j artyku\u0142 pt.\u00a0<em>&#8222;Obiekty zwi\u0105zane z ksi\u0119dzem Czes\u0142awem Barwickim w zbiorach Muzeum Niepodleg\u0142o\u015bci w Warszawie&#8221;<\/em>.<\/p>\n","protected":false},"excerpt":{"rendered":"<p>Ukaza\u0142y si\u0119 w\u0142a\u015bnie materia\u0142y pokonferencyjne z konferencji naukowej po\u015bwi\u0119conej ksi\u0119\u017com katolickim i ich roli w ruchu ludowym, a zatytu\u0142owanej:\u00a0Mi\u0119dzy apologi\u0105 a negacj\u0105. Ruch ludowy a ko\u015bci\u00f3\u0142 katolicki. Zarys dziej\u00f3w wsp\u00f3\u0142istnienia, kt\u00f3ra odby\u0142a si\u0119 27 lutego 2025 roku w Muzeum Historii &hellip; <a href=\"http:\/\/piekarska.com.pl\/?p=77713\">Continue reading <span class=\"meta-nav\">&rarr;<\/span><\/a><\/p>\n","protected":false},"author":1,"featured_media":77714,"comment_status":"closed","ping_status":"open","sticky":false,"template":"","format":"standard","meta":{"_acf_changed":false,"footnotes":""},"categories":[596],"tags":[135,1167],"class_list":["post-77713","post","type-post","status-publish","format-standard","has-post-thumbnail","hentry","category-artykul","tag-artykul","tag-materialy-pokonferencyjne"],"acf":[],"_links":{"self":[{"href":"http:\/\/piekarska.com.pl\/index.php?rest_route=\/wp\/v2\/posts\/77713","targetHints":{"allow":["GET"]}}],"collection":[{"href":"http:\/\/piekarska.com.pl\/index.php?rest_route=\/wp\/v2\/posts"}],"about":[{"href":"http:\/\/piekarska.com.pl\/index.php?rest_route=\/wp\/v2\/types\/post"}],"author":[{"embeddable":true,"href":"http:\/\/piekarska.com.pl\/index.php?rest_route=\/wp\/v2\/users\/1"}],"replies":[{"embeddable":true,"href":"http:\/\/piekarska.com.pl\/index.php?rest_route=%2Fwp%2Fv2%2Fcomments&post=77713"}],"version-history":[{"count":1,"href":"http:\/\/piekarska.com.pl\/index.php?rest_route=\/wp\/v2\/posts\/77713\/revisions"}],"predecessor-version":[{"id":77715,"href":"http:\/\/piekarska.com.pl\/index.php?rest_route=\/wp\/v2\/posts\/77713\/revisions\/77715"}],"wp:featuredmedia":[{"embeddable":true,"href":"http:\/\/piekarska.com.pl\/index.php?rest_route=\/wp\/v2\/media\/77714"}],"wp:attachment":[{"href":"http:\/\/piekarska.com.pl\/index.php?rest_route=%2Fwp%2Fv2%2Fmedia&parent=77713"}],"wp:term":[{"taxonomy":"category","embeddable":true,"href":"http:\/\/piekarska.com.pl\/index.php?rest_route=%2Fwp%2Fv2%2Fcategories&post=77713"},{"taxonomy":"post_tag","embeddable":true,"href":"http:\/\/piekarska.com.pl\/index.php?rest_route=%2Fwp%2Fv2%2Ftags&post=77713"}],"curies":[{"name":"wp","href":"https:\/\/api.w.org\/{rel}","templated":true}]}}