{"id":77755,"date":"2025-09-20T12:14:30","date_gmt":"2025-09-20T10:14:30","guid":{"rendered":"http:\/\/piekarska.com.pl\/?p=77755"},"modified":"2025-09-20T12:16:14","modified_gmt":"2025-09-20T10:16:14","slug":"marian-kratochwil-kresy-w-sercu","status":"publish","type":"post","link":"http:\/\/piekarska.com.pl\/?p=77755","title":{"rendered":"Marian Kratochwil &#8211; Kresy w sercu&#8230;"},"content":{"rendered":"<div class=\"wp-block-image\">\n<figure class=\"alignleft size-medium\"><a href=\"http:\/\/piekarska.com.pl\/wp-content\/uploads\/2025\/09\/Marian-Kratochwil-Muzeum_Niepodl-2025_okladka-1.jpg\"><img loading=\"lazy\" decoding=\"async\" width=\"225\" height=\"300\" src=\"http:\/\/piekarska.com.pl\/wp-content\/uploads\/2025\/09\/Marian-Kratochwil-Muzeum_Niepodl-2025_okladka-1-225x300.jpg\" alt=\"\" class=\"wp-image-77756\" srcset=\"http:\/\/piekarska.com.pl\/wp-content\/uploads\/2025\/09\/Marian-Kratochwil-Muzeum_Niepodl-2025_okladka-1-225x300.jpg 225w, http:\/\/piekarska.com.pl\/wp-content\/uploads\/2025\/09\/Marian-Kratochwil-Muzeum_Niepodl-2025_okladka-1-768x1024.jpg 768w, http:\/\/piekarska.com.pl\/wp-content\/uploads\/2025\/09\/Marian-Kratochwil-Muzeum_Niepodl-2025_okladka-1-1152x1536.jpg 1152w, http:\/\/piekarska.com.pl\/wp-content\/uploads\/2025\/09\/Marian-Kratochwil-Muzeum_Niepodl-2025_okladka-1.jpg 1241w\" sizes=\"auto, (max-width: 225px) 100vw, 225px\" \/><\/a><\/figure>\n<\/div>\n\n\n<p>W dniach 18-19 wrze\u015bnia w Kielcach odby\u0142 si\u0119 VI Kongres Historyk\u00f3w Wsi i Ruchu Ludowego, podczas kt\u00f3rego odby\u0142 si\u0119 wernisa\u017c przygotowanej przez Muzeum Niepodleg\u0142o\u015bci wystawy \u201eMarian Kratochwil. Kresy w sercu\u2026\u201d. Ekspozycji towarzyszy katalog zawieraj\u0105cy ponad sto prac artysty. <\/p>\n\n\n\n<p>Marian Kratochwil urodzi\u0142 si\u0119 w Kosowie Huculskim w 1906 roku. Gimnazjum uko\u0144czy\u0142 w Z\u0142oczowie, studia artystyczne odbywa\u0142 w Warszawie. Jego matecznikiem by\u0142 jednak na ca\u0142e \u017cycie Lw\u00f3w, a tak\u017ce Podkamie\u0144, Kos\u00f3w, Z\u0142ocz\u00f3w. Przyw\u00f3dcy \u015bwiatowi pozbawili go ojczyzny, jego rodzinne krainy pozosta\u0142y poza granicami. Mia\u0142 je do ostatnich dni w sercu.<\/p>\n\n\n\n<p>W katalogu znalaz\u0142 si\u0119 m\u00f3j kr\u00f3tki tekst o zwierz\u0119tach w tw\u00f3rczo\u015bci artysty.<\/p>\n\n\n\n<p>A bezp\u0142atny PDF katalogu mo\u017cna pobra\u0107 tutaj: <a href=\"https:\/\/muzn.pl\/wp-content\/uploads\/2025\/09\/Katalog-wystawy-Marian-Kratochwil.-Kresy-w-sercu-1.pdf\">https:\/\/muzn.pl\/wp-content\/uploads\/2025\/09\/Katalog-wystawy-Marian-Kratochwil.-Kresy-w-sercu-1.pdf<\/a><\/p>\n","protected":false},"excerpt":{"rendered":"<p>W dniach 18-19 wrze\u015bnia w Kielcach odby\u0142 si\u0119 VI Kongres Historyk\u00f3w Wsi i Ruchu Ludowego, podczas kt\u00f3rego odby\u0142 si\u0119 wernisa\u017c przygotowanej przez Muzeum Niepodleg\u0142o\u015bci wystawy \u201eMarian Kratochwil. Kresy w sercu\u2026\u201d. Ekspozycji towarzyszy katalog zawieraj\u0105cy ponad sto prac artysty. Marian Kratochwil &hellip; <a href=\"http:\/\/piekarska.com.pl\/?p=77755\">Continue reading <span class=\"meta-nav\">&rarr;<\/span><\/a><\/p>\n","protected":false},"author":1,"featured_media":77756,"comment_status":"closed","ping_status":"open","sticky":false,"template":"","format":"standard","meta":{"_acf_changed":false,"footnotes":""},"categories":[596,1168,6],"tags":[1170,1235,1147],"class_list":["post-77755","post","type-post","status-publish","format-standard","has-post-thumbnail","hentry","category-artykul","category-muzeum","category-nowosci","tag-katalog-wystawy","tag-marian-kratochwil","tag-muzeum-niepodleglosci"],"acf":[],"_links":{"self":[{"href":"http:\/\/piekarska.com.pl\/index.php?rest_route=\/wp\/v2\/posts\/77755","targetHints":{"allow":["GET"]}}],"collection":[{"href":"http:\/\/piekarska.com.pl\/index.php?rest_route=\/wp\/v2\/posts"}],"about":[{"href":"http:\/\/piekarska.com.pl\/index.php?rest_route=\/wp\/v2\/types\/post"}],"author":[{"embeddable":true,"href":"http:\/\/piekarska.com.pl\/index.php?rest_route=\/wp\/v2\/users\/1"}],"replies":[{"embeddable":true,"href":"http:\/\/piekarska.com.pl\/index.php?rest_route=%2Fwp%2Fv2%2Fcomments&post=77755"}],"version-history":[{"count":1,"href":"http:\/\/piekarska.com.pl\/index.php?rest_route=\/wp\/v2\/posts\/77755\/revisions"}],"predecessor-version":[{"id":77757,"href":"http:\/\/piekarska.com.pl\/index.php?rest_route=\/wp\/v2\/posts\/77755\/revisions\/77757"}],"wp:featuredmedia":[{"embeddable":true,"href":"http:\/\/piekarska.com.pl\/index.php?rest_route=\/wp\/v2\/media\/77756"}],"wp:attachment":[{"href":"http:\/\/piekarska.com.pl\/index.php?rest_route=%2Fwp%2Fv2%2Fmedia&parent=77755"}],"wp:term":[{"taxonomy":"category","embeddable":true,"href":"http:\/\/piekarska.com.pl\/index.php?rest_route=%2Fwp%2Fv2%2Fcategories&post=77755"},{"taxonomy":"post_tag","embeddable":true,"href":"http:\/\/piekarska.com.pl\/index.php?rest_route=%2Fwp%2Fv2%2Ftags&post=77755"}],"curies":[{"name":"wp","href":"https:\/\/api.w.org\/{rel}","templated":true}]}}