{"id":77767,"date":"2025-10-23T09:19:29","date_gmt":"2025-10-23T07:19:29","guid":{"rendered":"http:\/\/piekarska.com.pl\/?p=77767"},"modified":"2025-10-23T09:21:03","modified_gmt":"2025-10-23T07:21:03","slug":"numer-3-38-2025-podgladu-juz-na-stronie-i-w-domu-literatury","status":"publish","type":"post","link":"http:\/\/piekarska.com.pl\/?p=77767","title":{"rendered":"Numer 3 (38)\/2025 \u201ePodgl\u0105du\u201d ju\u017c na stronie i w Domu Literatury"},"content":{"rendered":"\n<p>Ukaza\u0142 si\u0119 w\u0142a\u015bnie trzeci w tym roku numer Kwartalnika Literackiego \u201ePodgl\u0105d\u201d, wydawanego przez Oddzia\u0142 Warszawski Stowarzyszenia Pisarzy Polskich, kt\u00f3rego jestem pomys\u0142odawczyni\u0105 i Redaktor Naczeln\u0105. Kwartalnik jest bezp\u0142atny. Sfinansowany zosta\u0142 z funduszy w\u0142asnych Oddzia\u0142u Warszawskiego SPP przy niewielkim udziale prywatnych sponsor\u00f3w w postaci maj\u0119tniejszych cz\u0142onk\u00f3w.<\/p>\n\n\n<div class=\"wp-block-image\">\n<figure class=\"alignleft size-medium\"><a href=\"http:\/\/piekarska.com.pl\/wp-content\/uploads\/2025\/10\/Podglad_nr338-2025_okladka1_full.jpg\"><img loading=\"lazy\" decoding=\"async\" width=\"214\" height=\"300\" src=\"http:\/\/piekarska.com.pl\/wp-content\/uploads\/2025\/10\/Podglad_nr338-2025_okladka1_full-214x300.jpg\" alt=\"\" class=\"wp-image-77768\" srcset=\"http:\/\/piekarska.com.pl\/wp-content\/uploads\/2025\/10\/Podglad_nr338-2025_okladka1_full-214x300.jpg 214w, http:\/\/piekarska.com.pl\/wp-content\/uploads\/2025\/10\/Podglad_nr338-2025_okladka1_full-730x1024.jpg 730w, http:\/\/piekarska.com.pl\/wp-content\/uploads\/2025\/10\/Podglad_nr338-2025_okladka1_full-768x1078.jpg 768w, http:\/\/piekarska.com.pl\/wp-content\/uploads\/2025\/10\/Podglad_nr338-2025_okladka1_full-1094x1536.jpg 1094w, http:\/\/piekarska.com.pl\/wp-content\/uploads\/2025\/10\/Podglad_nr338-2025_okladka1_full-1459x2048.jpg 1459w, http:\/\/piekarska.com.pl\/wp-content\/uploads\/2025\/10\/Podglad_nr338-2025_okladka1_full.jpg 1708w\" sizes=\"auto, (max-width: 214px) 100vw, 214px\" \/><\/a><\/figure>\n<\/div>\n\n\n<p>Ka\u017cdy ch\u0119tny i ciekaw zawarto\u015bci kwartalnika, mo\u017ce zapozna\u0107 si\u0119 z jego tre\u015bci\u0105, bezp\u0142atnie pobieraj\u0105c pismo ze strony internetowej kwartalnika w formacie PDF, a tak\u017ce MOBI i EPUB. <a href=\"http:\/\/podglad.com.pl\/\">http:\/\/podglad.com.pl<\/a> lub przychodz\u0105c do Domu Literatury w Warszawie i pobieraj\u0105c papierow\u0105 wersj\u0119. Egzemplarze obowi\u0105zkowe otrzymuj\u0105 te\u017c znajduj\u0105ce si\u0119 na ministerialnej li\u015bcie Biblioteki uprawnione do otrzymywania Egzemplarza Obowi\u0105zkowego. <\/p>\n\n\n\n<p>Nad numerem pracowa\u0142 zesp\u00f3\u0142 w sk\u0142adzie:<\/p>\n\n\n\n<p><strong>Redaktor Naczelny:<\/strong>&nbsp;Ma\u0142gorzata Karolina Piekarska<br \/><strong>Z-cy red. Naczelnego:&nbsp;<\/strong>Piotr M\u00fcldner-Nieckowski, Zbigniew Zbikowski<strong><br \/>Sekretarz Redakcji:<\/strong>&nbsp;Katarzyna Boru\u0144-Jagodzi\u0144ska<br \/><strong>Kolegium Redakcyjne i Korekta:<\/strong>&nbsp;Krzysztof Bielecki, Sylwia Gibaszek, Piotr M\u00fcldner-Nieckowski, Ma\u0142gorzata Str\u0119kowska-Zaremba,&nbsp;Zbigniew Zbikowski<\/p>\n\n\n\n<p><strong>Wydawca:<\/strong>&nbsp;Zarz\u0105d Oddzia\u0142u Warszawskiego SPP<br \/><strong>Sk\u0142ad i \u0142amanie:<\/strong>&nbsp;Piotr M\u00fcldner-Nieckowski<br \/><strong>Druk:<\/strong>&nbsp;Drukarnia&nbsp;Mazowieckie Centrum Poligrafii<\/p>\n\n\n<div class=\"wp-block-image\">\n<figure class=\"alignright size-medium\"><a href=\"http:\/\/piekarska.com.pl\/wp-content\/uploads\/2025\/10\/Podglad_nr338-2025_okladka4_full.jpg\"><img loading=\"lazy\" decoding=\"async\" width=\"214\" height=\"300\" src=\"http:\/\/piekarska.com.pl\/wp-content\/uploads\/2025\/10\/Podglad_nr338-2025_okladka4_full-214x300.jpg\" alt=\"\" class=\"wp-image-77769\" srcset=\"http:\/\/piekarska.com.pl\/wp-content\/uploads\/2025\/10\/Podglad_nr338-2025_okladka4_full-214x300.jpg 214w, http:\/\/piekarska.com.pl\/wp-content\/uploads\/2025\/10\/Podglad_nr338-2025_okladka4_full-730x1024.jpg 730w, http:\/\/piekarska.com.pl\/wp-content\/uploads\/2025\/10\/Podglad_nr338-2025_okladka4_full-768x1078.jpg 768w, http:\/\/piekarska.com.pl\/wp-content\/uploads\/2025\/10\/Podglad_nr338-2025_okladka4_full-1094x1536.jpg 1094w, http:\/\/piekarska.com.pl\/wp-content\/uploads\/2025\/10\/Podglad_nr338-2025_okladka4_full-1459x2048.jpg 1459w, http:\/\/piekarska.com.pl\/wp-content\/uploads\/2025\/10\/Podglad_nr338-2025_okladka4_full.jpg 1708w\" sizes=\"auto, (max-width: 214px) 100vw, 214px\" \/><\/a><\/figure>\n<\/div>\n\n\n<p><strong>A w \u015brodku\u2026<\/strong><\/p>\n\n\n\n<p>Opr\u00f3cz klasycznego prezesowskiego wst\u0119pniaka\u2026 i wie\u015bci z OW SPP tw\u00f3rczo\u015b\u0107 naszych cz\u0142onk\u00f3w (lub o tw\u00f3rczo\u015bci naszych cz\u0142onk\u00f3w) oraz t\u0142umaczonych (lub opisywanych) przez nich autor\u00f3w. List\u0119 wszystkich nazwisk podajemy w porz\u0105dku alfabetycznym:<\/p>\n\n\n\n<ul class=\"wp-block-list\">\n<li>Janusz Andrzejczak<\/li>\n\n\n\n<li>Li Bai<\/li>\n\n\n\n<li>Jerzy Binkowski<\/li>\n\n\n\n<li>Teresa Bochwic<\/li>\n\n\n\n<li>Tamara Bo\u0142dak-Janowska<\/li>\n\n\n\n<li>Katarzyna Boru\u0144 Jagodzi\u0144ska<\/li>\n\n\n\n<li>Jin Changxu<\/li>\n\n\n\n<li>Krzysztof Choi\u0144ski<\/li>\n\n\n\n<li>Cezary Maciej D\u0105browski<\/li>\n\n\n\n<li>L\u00e1szlo E\u0151sze<\/li>\n\n\n\n<li>Anna Frajlich<\/li>\n\n\n\n<li>Du Fu<\/li>\n\n\n\n<li>Joanna Jagie\u0142\u0142o<\/li>\n\n\n\n<li>Zoltan Kod\u00e1ly<\/li>\n\n\n\n<li>Andrzej Ksi\u0105\u017cek<\/li>\n\n\n\n<li>Adam W. Kulik<\/li>\n\n\n\n<li>Gabriela Kurylewicz<\/li>\n\n\n\n<li>Agnieszka Lis<\/li>\n\n\n\n<li>Grzegorz \u0141atuszy\u0144ski<\/li>\n\n\n\n<li>Adam \u0141ukaszewicz<\/li>\n\n\n\n<li>Piotr M\u00fcldner-Nieckowski<\/li>\n\n\n\n<li>Jaros\u0142aw Nowacki<\/li>\n\n\n\n<li>Wies\u0142awa Oramus<\/li>\n\n\n\n<li>Alicja Patey-Grabowska<\/li>\n\n\n\n<li>Maria Jolanta Piasecka<\/li>\n\n\n\n<li>Jan Krzysztof Piasecki<\/li>\n\n\n\n<li>Ma\u0142gorzata Karolina Piekarska<\/li>\n\n\n\n<li>Juan Manuel Roca<\/li>\n\n\n\n<li>Krystyna Rodowska<\/li>\n\n\n\n<li>Krzysztof Saturnin Schreyer<\/li>\n\n\n\n<li>Jerzy Seipp<\/li>\n\n\n\n<li>Konrad Sutarski<\/li>\n\n\n\n<li>Jerzy \u015aleszy\u0144ski<\/li>\n\n\n\n<li>W\u0142adys\u0142aw \u015alewi\u0144ski<\/li>\n\n\n\n<li>Janusz Taranienko<\/li>\n\n\n\n<li>Magda Traczyk<\/li>\n\n\n\n<li>Grzegorz Walczak<\/li>\n\n\n\n<li>Alfred Marek Wierzbicki<\/li>\n\n\n\n<li>Olga W\u00f3jcik<\/li>\n\n\n\n<li>Yu Wuling<\/li>\n\n\n\n<li>Pawe\u0142 Bitka Zapendowski<\/li>\n\n\n\n<li>Zofia Zar\u0119bianka<\/li>\n<\/ul>\n","protected":false},"excerpt":{"rendered":"<p>Ukaza\u0142 si\u0119 w\u0142a\u015bnie trzeci w tym roku numer Kwartalnika Literackiego \u201ePodgl\u0105d\u201d, wydawanego przez Oddzia\u0142 Warszawski Stowarzyszenia Pisarzy Polskich, kt\u00f3rego jestem pomys\u0142odawczyni\u0105 i Redaktor Naczeln\u0105. Kwartalnik jest bezp\u0142atny. Sfinansowany zosta\u0142 z funduszy w\u0142asnych Oddzia\u0142u Warszawskiego SPP przy niewielkim udziale prywatnych sponsor\u00f3w &hellip; <a href=\"http:\/\/piekarska.com.pl\/?p=77767\">Continue reading <span class=\"meta-nav\">&rarr;<\/span><\/a><\/p>\n","protected":false},"author":1,"featured_media":77768,"comment_status":"closed","ping_status":"open","sticky":false,"template":"","format":"standard","meta":{"_acf_changed":false,"footnotes":""},"categories":[6],"tags":[244,205],"class_list":["post-77767","post","type-post","status-publish","format-standard","has-post-thumbnail","hentry","category-nowosci","tag-kwartalnik-literacki-podglad","tag-podglad"],"acf":[],"_links":{"self":[{"href":"http:\/\/piekarska.com.pl\/index.php?rest_route=\/wp\/v2\/posts\/77767","targetHints":{"allow":["GET"]}}],"collection":[{"href":"http:\/\/piekarska.com.pl\/index.php?rest_route=\/wp\/v2\/posts"}],"about":[{"href":"http:\/\/piekarska.com.pl\/index.php?rest_route=\/wp\/v2\/types\/post"}],"author":[{"embeddable":true,"href":"http:\/\/piekarska.com.pl\/index.php?rest_route=\/wp\/v2\/users\/1"}],"replies":[{"embeddable":true,"href":"http:\/\/piekarska.com.pl\/index.php?rest_route=%2Fwp%2Fv2%2Fcomments&post=77767"}],"version-history":[{"count":4,"href":"http:\/\/piekarska.com.pl\/index.php?rest_route=\/wp\/v2\/posts\/77767\/revisions"}],"predecessor-version":[{"id":77773,"href":"http:\/\/piekarska.com.pl\/index.php?rest_route=\/wp\/v2\/posts\/77767\/revisions\/77773"}],"wp:featuredmedia":[{"embeddable":true,"href":"http:\/\/piekarska.com.pl\/index.php?rest_route=\/wp\/v2\/media\/77768"}],"wp:attachment":[{"href":"http:\/\/piekarska.com.pl\/index.php?rest_route=%2Fwp%2Fv2%2Fmedia&parent=77767"}],"wp:term":[{"taxonomy":"category","embeddable":true,"href":"http:\/\/piekarska.com.pl\/index.php?rest_route=%2Fwp%2Fv2%2Fcategories&post=77767"},{"taxonomy":"post_tag","embeddable":true,"href":"http:\/\/piekarska.com.pl\/index.php?rest_route=%2Fwp%2Fv2%2Ftags&post=77767"}],"curies":[{"name":"wp","href":"https:\/\/api.w.org\/{rel}","templated":true}]}}