{"id":77774,"date":"2025-10-24T09:00:00","date_gmt":"2025-10-24T07:00:00","guid":{"rendered":"http:\/\/piekarska.com.pl\/?p=77774"},"modified":"2025-11-22T14:56:18","modified_gmt":"2025-11-22T13:56:18","slug":"wiersze-na-cytadeli-pazdziernik","status":"publish","type":"post","link":"http:\/\/piekarska.com.pl\/?p=77774","title":{"rendered":"Wiersze na Cytadeli &#8211; Pa\u017adziernik"},"content":{"rendered":"<div class=\"wp-block-image\">\n<figure class=\"alignleft size-medium\"><a href=\"http:\/\/piekarska.com.pl\/wp-content\/uploads\/2025\/10\/Plakat-Wiersze-na-Cytadeli-Rodowska-scaled.jpg\"><img loading=\"lazy\" decoding=\"async\" width=\"210\" height=\"300\" src=\"http:\/\/piekarska.com.pl\/wp-content\/uploads\/2025\/10\/Plakat-Wiersze-na-Cytadeli-Rodowska-210x300.jpg\" alt=\"\" class=\"wp-image-77775\" srcset=\"http:\/\/piekarska.com.pl\/wp-content\/uploads\/2025\/10\/Plakat-Wiersze-na-Cytadeli-Rodowska-210x300.jpg 210w, http:\/\/piekarska.com.pl\/wp-content\/uploads\/2025\/10\/Plakat-Wiersze-na-Cytadeli-Rodowska-717x1024.jpg 717w, http:\/\/piekarska.com.pl\/wp-content\/uploads\/2025\/10\/Plakat-Wiersze-na-Cytadeli-Rodowska-768x1097.jpg 768w, http:\/\/piekarska.com.pl\/wp-content\/uploads\/2025\/10\/Plakat-Wiersze-na-Cytadeli-Rodowska-1075x1536.jpg 1075w, http:\/\/piekarska.com.pl\/wp-content\/uploads\/2025\/10\/Plakat-Wiersze-na-Cytadeli-Rodowska-1433x2048.jpg 1433w, http:\/\/piekarska.com.pl\/wp-content\/uploads\/2025\/10\/Plakat-Wiersze-na-Cytadeli-Rodowska-scaled.jpg 1792w\" sizes=\"auto, (max-width: 210px) 100vw, 210px\" \/><\/a><\/figure>\n<\/div>\n\n\n<p>&#8222;Wiersze na Cytadeli&#8221; to cykl spotka\u0144\u00a0literackich w Muzeum Niepodleg\u0142o\u015bci, organizowany we wsp\u00f3\u0142pracy ze Stowarzyszeniem Pisarzy Polskich, kt\u00f3rego celem jest promocja wsp\u00f3\u0142czesnej poezji polskiej i \u015bwiatowej.\u00a0Wi\u0119kszo\u015b\u0107 spotka\u0144 prowadz\u0119 osobi\u015bcie. Muzeum na wydarzenie zaprasza nast\u0119puj\u0105cymi s\u0142owami:<\/p>\n\n\n\n<p>Zapraszamy na kolejn\u0105 edycj\u0119 spotkania z cyklu \u201e\ud835\udc16\ud835\udc22\ud835\udc1e\ud835\udc2b\ud835\udc2c\ud835\udc33\ud835\udc1e \ud835\udc27\ud835\udc1a \ud835\udc02\ud835\udc32\ud835\udc2d\ud835\udc1a\ud835\udc1d\ud835\udc1e\ud835\udc25\ud835\udc22\u201d, kt\u00f3re odb\u0119dzie si\u0119 \ud835\udfd1\ud835\udfce \ud835\udc29\ud835\udc1a\ud835\udc33\u0301\ud835\udc1d\ud835\udc33\ud835\udc22\ud835\udc1e\ud835\udc2b\ud835\udc27\ud835\udc22\ud835\udc24\ud835\udc1a \ud835\udfd0\ud835\udfce\ud835\udfd0\ud835\udfd3 \ud835\udc2b. (czwartek) o godz. \ud835\udfcf\ud835\udfd0:\ud835\udfce\ud835\udfce!<\/p>\n\n\n\n<p><img loading=\"lazy\" decoding=\"async\" height=\"16\" width=\"16\" alt=\"\u270d\ufe0f\" src=\"https:\/\/static.xx.fbcdn.net\/images\/emoji.php\/v9\/t63\/2\/16\/270d.png\"\/>&nbsp;Tym razem naszym go\u015bciem b\u0119dzie \ud835\udc0a\ud835\udc2b\ud835\udc32\ud835\udc2c\ud835\udc2d\ud835\udc32\ud835\udc27\ud835\udc1a \ud835\udc11\ud835\udc28\ud835\udc1d\ud835\udc28\ud835\udc30\ud835\udc2c\ud835\udc24\ud835\udc1a \u2013 poetka, romanistka, t\u0142umaczka literatury pi\u0119knej oraz krytyczka literacka. Jej tw\u00f3rczo\u015b\u0107 i przek\u0142ady wnios\u0142y ogromny wk\u0142ad w popularyzacj\u0119 poezji francuskiej i hiszpa\u0144skoj\u0119zycznej w Polsce. To autorka o niezwykle bogatym dorobku literackim, zwi\u0105zana m.in. z \u201eKultur\u0105\u201d, \u201eLiteratur\u0105 na \u015awiecie\u201d i Polskim Radiem.<\/p>\n\n\n\n<p><img loading=\"lazy\" decoding=\"async\" height=\"16\" width=\"16\" alt=\"\u2728\" src=\"https:\/\/static.xx.fbcdn.net\/images\/emoji.php\/v9\/t75\/2\/16\/2728.png\"\/>&nbsp;Spotkanie odb\u0119dzie si\u0119 w ramach wsp\u00f3\u0142pracy ze Stowarzyszeniem Pisarzy Polskich, a poprowadzi je \ud835\udc0c\ud835\udc1a\u0142\ud835\udc20\ud835\udc28\ud835\udc2b\ud835\udc33\ud835\udc1a\ud835\udc2d\ud835\udc1a \ud835\udc0a\ud835\udc1a\ud835\udc2b\ud835\udc28\ud835\udc25\ud835\udc22\ud835\udc27\ud835\udc1a \ud835\udc0f\ud835\udc22\ud835\udc1e\ud835\udc24\ud835\udc1a\ud835\udc2b\ud835\udc2c\ud835\udc24\ud835\udc1a. Serdecznie zapraszamy mi\u0142o\u015bnik\u00f3w poezji, literatury i refleksji nad s\u0142owem.<\/p>\n\n\n\n<p>Muzeum X Pawilonu Cytadeli Warszawskiej<br \/>Warszawa, ul. Skaza\u0144c\u00f3w 25<br \/>30 pa\u017adziernika 2025, g. 12:00<\/p>\n","protected":false},"excerpt":{"rendered":"<p>&#8222;Wiersze na Cytadeli&#8221; to cykl spotka\u0144\u00a0literackich w Muzeum Niepodleg\u0142o\u015bci, organizowany we wsp\u00f3\u0142pracy ze Stowarzyszeniem Pisarzy Polskich, kt\u00f3rego celem jest promocja wsp\u00f3\u0142czesnej poezji polskiej i \u015bwiatowej.\u00a0Wi\u0119kszo\u015b\u0107 spotka\u0144 prowadz\u0119 osobi\u015bcie. Muzeum na wydarzenie zaprasza nast\u0119puj\u0105cymi s\u0142owami: Zapraszamy na kolejn\u0105 edycj\u0119 spotkania z &hellip; <a href=\"http:\/\/piekarska.com.pl\/?p=77774\">Continue reading <span class=\"meta-nav\">&rarr;<\/span><\/a><\/p>\n","protected":false},"author":1,"featured_media":77775,"comment_status":"closed","ping_status":"open","sticky":false,"template":"","format":"standard","meta":{"_acf_changed":false,"footnotes":""},"categories":[6],"tags":[1250],"class_list":["post-77774","post","type-post","status-publish","format-standard","has-post-thumbnail","hentry","category-nowosci","tag-wiersze-na-cytadeli"],"acf":[],"_links":{"self":[{"href":"http:\/\/piekarska.com.pl\/index.php?rest_route=\/wp\/v2\/posts\/77774","targetHints":{"allow":["GET"]}}],"collection":[{"href":"http:\/\/piekarska.com.pl\/index.php?rest_route=\/wp\/v2\/posts"}],"about":[{"href":"http:\/\/piekarska.com.pl\/index.php?rest_route=\/wp\/v2\/types\/post"}],"author":[{"embeddable":true,"href":"http:\/\/piekarska.com.pl\/index.php?rest_route=\/wp\/v2\/users\/1"}],"replies":[{"embeddable":true,"href":"http:\/\/piekarska.com.pl\/index.php?rest_route=%2Fwp%2Fv2%2Fcomments&post=77774"}],"version-history":[{"count":1,"href":"http:\/\/piekarska.com.pl\/index.php?rest_route=\/wp\/v2\/posts\/77774\/revisions"}],"predecessor-version":[{"id":77776,"href":"http:\/\/piekarska.com.pl\/index.php?rest_route=\/wp\/v2\/posts\/77774\/revisions\/77776"}],"wp:featuredmedia":[{"embeddable":true,"href":"http:\/\/piekarska.com.pl\/index.php?rest_route=\/wp\/v2\/media\/77775"}],"wp:attachment":[{"href":"http:\/\/piekarska.com.pl\/index.php?rest_route=%2Fwp%2Fv2%2Fmedia&parent=77774"}],"wp:term":[{"taxonomy":"category","embeddable":true,"href":"http:\/\/piekarska.com.pl\/index.php?rest_route=%2Fwp%2Fv2%2Fcategories&post=77774"},{"taxonomy":"post_tag","embeddable":true,"href":"http:\/\/piekarska.com.pl\/index.php?rest_route=%2Fwp%2Fv2%2Ftags&post=77774"}],"curies":[{"name":"wp","href":"https:\/\/api.w.org\/{rel}","templated":true}]}}